{"id":242982,"date":"2023-06-20T08:15:17","date_gmt":"2023-06-20T12:15:17","guid":{"rendered":"https:\/\/www.ocorreionews.com.br\/acervo-correio\/?p=242982"},"modified":"2023-06-20T08:15:17","modified_gmt":"2023-06-20T12:15:17","slug":"costa-rica-participa-do-2o-desafio-estadual-das-merendeiras","status":"publish","type":"post","link":"https:\/\/www.ocorreionews.com.br\/acervo-correio\/?p=242982","title":{"rendered":"Costa Rica participa do 2\u00ba Desafio Estadual das Merendeiras"},"content":{"rendered":"<div class=\"ntc_cont_descricao_noticia sw_txteditor\">O Sebrae\/MS est\u00e1 promovendo o 2\u00ba Desafio Estadual das Merendeiras, por meio do programa Cidade Empreendedora, em 27 munic\u00edpios de Mato Grosso do Sul, entre eles, Costa Rica.<\/p>\n<p>A competi\u00e7\u00e3o tem como objetivo valorizar o trabalho das merendeiras e estimular o uso de alimentos da agricultura familiar nas receitas.<\/p>\n<p>O desafio ter\u00e1 duas etapas, municipal e estadual, e os participantes dever\u00e3o seguir regras pr\u00e9-estabelecidas, como n\u00e3o utilizar alimentos ultraprocessados e incluir pelo menos tr\u00eas itens da agricultura familiar em suas receitas.<\/p>\n<p>A fase estadual ser\u00e1 realizada em Campo Grande e premiar\u00e1 as tr\u00eas melhores merendeiras.<\/p>\n<p>O programa Cidade Empreendedora, executado pelo Sebrae\/MS em parceria com as prefeituras municipais, tem como objetivo fortalecer os pequenos neg\u00f3cios e dar apoio aos produtores da agricultura familiar.<\/p><\/div>\n<p>&nbsp;<\/p>\n<div class=\"ntc_cont_descricao_noticia sw_txteditor\">\n<\/div>\n<div class=\"ntc_area_info_noticia sw_lato\">\n<div>\n<div class=\"ntc_info_noticia\"><strong class=\"sw_lato_black\">Fonte: <\/strong>Assessoria de Comunica\u00e7\u00e3o &#8211; PMCR c\/ Natalie Malulei \/ SEBRAE\/MS,<strong class=\"sw_lato_black\">\u00a0<\/strong>Silvestre de Castro<\/div>\n<\/div>\n<\/div>\n","protected":false},"excerpt":{"rendered":"<p>O Sebrae\/MS est\u00e1 promovendo o 2\u00ba Desafio Estadual das Merendeiras, por meio do programa Cidade Empreendedora, em 27 munic\u00edpios de Mato Grosso do Sul, entre eles, Costa Rica. A competi\u00e7\u00e3o tem como objetivo valorizar o trabalho das merendeiras e estimular o uso de alimentos da agricultura familiar nas receitas. O desafio ter\u00e1 duas etapas, municipal [&hellip;]<\/p>\n","protected":false},"author":5,"featured_media":242977,"comment_status":"closed","ping_status":"closed","sticky":false,"template":"","format":"standard","meta":{"footnotes":""},"categories":[25],"tags":[],"class_list":["post-242982","post","type-post","status-publish","format-standard","has-post-thumbnail","hentry","category-costa-rica"],"_links":{"self":[{"href":"https:\/\/www.ocorreionews.com.br\/acervo-correio\/index.php?rest_route=\/wp\/v2\/posts\/242982","targetHints":{"allow":["GET"]}}],"collection":[{"href":"https:\/\/www.ocorreionews.com.br\/acervo-correio\/index.php?rest_route=\/wp\/v2\/posts"}],"about":[{"href":"https:\/\/www.ocorreionews.com.br\/acervo-correio\/index.php?rest_route=\/wp\/v2\/types\/post"}],"author":[{"embeddable":true,"href":"https:\/\/www.ocorreionews.com.br\/acervo-correio\/index.php?rest_route=\/wp\/v2\/users\/5"}],"replies":[{"embeddable":true,"href":"https:\/\/www.ocorreionews.com.br\/acervo-correio\/index.php?rest_route=%2Fwp%2Fv2%2Fcomments&post=242982"}],"version-history":[{"count":1,"href":"https:\/\/www.ocorreionews.com.br\/acervo-correio\/index.php?rest_route=\/wp\/v2\/posts\/242982\/revisions"}],"predecessor-version":[{"id":242984,"href":"https:\/\/www.ocorreionews.com.br\/acervo-correio\/index.php?rest_route=\/wp\/v2\/posts\/242982\/revisions\/242984"}],"wp:featuredmedia":[{"embeddable":true,"href":"https:\/\/www.ocorreionews.com.br\/acervo-correio\/index.php?rest_route=\/wp\/v2\/media\/242977"}],"wp:attachment":[{"href":"https:\/\/www.ocorreionews.com.br\/acervo-correio\/index.php?rest_route=%2Fwp%2Fv2%2Fmedia&parent=242982"}],"wp:term":[{"taxonomy":"category","embeddable":true,"href":"https:\/\/www.ocorreionews.com.br\/acervo-correio\/index.php?rest_route=%2Fwp%2Fv2%2Fcategories&post=242982"},{"taxonomy":"post_tag","embeddable":true,"href":"https:\/\/www.ocorreionews.com.br\/acervo-correio\/index.php?rest_route=%2Fwp%2Fv2%2Ftags&post=242982"}],"curies":[{"name":"wp","href":"https:\/\/api.w.org\/{rel}","templated":true}]}}