{"id":242983,"date":"2023-06-20T08:17:43","date_gmt":"2023-06-20T12:17:43","guid":{"rendered":"https:\/\/www.ocorreionews.com.br\/acervo-correio\/?p=242983"},"modified":"2023-06-20T08:17:43","modified_gmt":"2023-06-20T12:17:43","slug":"caixa-economica-comeca-a-cobrar-pix-de-pessoas-juridicas-em-19-de-julho","status":"publish","type":"post","link":"https:\/\/www.ocorreionews.com.br\/acervo-correio\/?p=242983","title":{"rendered":"Caixa Econ\u00f4mica come\u00e7a a cobrar Pix de pessoas jur\u00eddicas em 19 de julho"},"content":{"rendered":"<p>A partir de 19 de julho, as pessoas jur\u00eddicas clientes da Caixa Econ\u00f4mica Federal come\u00e7ar\u00e3o a pagar para fazer Pix. Autorizada pelo Banco Central (BC), a cobran\u00e7a de tarifas para empres\u00e1rios que usam o sistema de transfer\u00eancias instant\u00e2neas \u00e9 praticada pela maioria dos bancos, mas n\u00e3o era feita pela Caixa.<\/p>\n<p>Em nota, o banco desmentiu falsas not\u00edcias que circularam nessa segunda-feira (18) de que a tarifa\u00e7\u00e3o atingiria outros tipos de clientes. A Caixa destacou que pessoas f\u00edsicas, microempreendedores individuais (MEI) e benefici\u00e1rios de programas sociais continuar\u00e3o a fazer Pix sem cobran\u00e7a.<\/p>\n<p>\u201cA pr\u00e1tica [tarifa\u00e7\u00e3o do Pix para pessoas jur\u00eddicas] j\u00e1 \u00e9 realizada por outras institui\u00e7\u00f5es financeiras e autorizada pelo Arranjo Pix desde novembro de 2020, conforme Resolu\u00e7\u00e3o BCB n\u00ba 30\/2020\u201d, justificou a Caixa em nota.<\/p>\n<p>O comunicado tamb\u00e9m informou que a tarifa a ser aplicada \u00e0s empresas que fazem Pix ser\u00e1 uma das menores do mercado. O banco, informou a nota, mant\u00e9m o compromisso de oferecer aos clientes as melhores condi\u00e7\u00f5es em seus produtos e servi\u00e7os.<\/p>\n<p>Confira as tarifas de envio e recebimento do Pix para pessoa jur\u00eddica privada:<\/p>\n<p><strong>Pix transfer\u00eancia<\/strong><\/p>\n<ul>\n<li>Envio de empresa para pessoa f\u00edsica por chave Pix, inser\u00e7\u00e3o de dados banc\u00e1rios ou inicia\u00e7\u00e3o de pagamento<\/li>\n<li>Envio entre empresas por chave Pix ou inser\u00e7\u00e3o de dados banc\u00e1rios<\/li>\n<li>0,89% do valor da opera\u00e7\u00e3o, com valor m\u00ednimo de R$ 1 e m\u00e1ximo de R$ 8,50<\/li>\n<\/ul>\n<p><strong>Pix compra<\/strong><\/p>\n<ul>\n<li>\u00a0Empresa recebe Pix de pessoa f\u00edsica em opera\u00e7\u00f5es de compra por chave Pix, inser\u00e7\u00e3o de dados banc\u00e1rios, iniciador de pagamento e C\u00f3digo QR est\u00e1tico<\/li>\n<li>\u00a0Empresa recebe Pix de outra empresa por C\u00f3digo QR est\u00e1tico e iniciador de pagamento<\/li>\n<li>\u00a00,89% do valor da opera\u00e7\u00e3o, com valor m\u00ednimo de R$ 1 e m\u00e1ximo de R$ 130<\/li>\n<li>Pix Checkout<\/li>\n<li>\u00a0Empresa recebe Pix de pessoa f\u00edsica ou de outra empresa por C\u00f3digo QR din\u00e2mico<\/li>\n<li>\u00a01,20% do valor da opera\u00e7\u00e3o, com valor m\u00ednimo de R$ 1 e m\u00e1ximo de R$ 130<\/li>\n<\/ul>\n<p>&nbsp;<\/p>\n<p><em>* Caixa Econ\u00f4mica Federal<\/em><\/p>\n","protected":false},"excerpt":{"rendered":"<p>A partir de 19 de julho, as pessoas jur\u00eddicas clientes da Caixa Econ\u00f4mica Federal come\u00e7ar\u00e3o a pagar para fazer Pix. Autorizada pelo Banco Central (BC), a cobran\u00e7a de tarifas para empres\u00e1rios que usam o sistema de transfer\u00eancias instant\u00e2neas \u00e9 praticada pela maioria dos bancos, mas n\u00e3o era feita pela Caixa. Em nota, o banco desmentiu [&hellip;]<\/p>\n","protected":false},"author":5,"featured_media":159521,"comment_status":"closed","ping_status":"closed","sticky":false,"template":"","format":"standard","meta":{"footnotes":""},"categories":[26],"tags":[],"class_list":["post-242983","post","type-post","status-publish","format-standard","has-post-thumbnail","hentry","category-economia"],"_links":{"self":[{"href":"https:\/\/www.ocorreionews.com.br\/acervo-correio\/index.php?rest_route=\/wp\/v2\/posts\/242983","targetHints":{"allow":["GET"]}}],"collection":[{"href":"https:\/\/www.ocorreionews.com.br\/acervo-correio\/index.php?rest_route=\/wp\/v2\/posts"}],"about":[{"href":"https:\/\/www.ocorreionews.com.br\/acervo-correio\/index.php?rest_route=\/wp\/v2\/types\/post"}],"author":[{"embeddable":true,"href":"https:\/\/www.ocorreionews.com.br\/acervo-correio\/index.php?rest_route=\/wp\/v2\/users\/5"}],"replies":[{"embeddable":true,"href":"https:\/\/www.ocorreionews.com.br\/acervo-correio\/index.php?rest_route=%2Fwp%2Fv2%2Fcomments&post=242983"}],"version-history":[{"count":1,"href":"https:\/\/www.ocorreionews.com.br\/acervo-correio\/index.php?rest_route=\/wp\/v2\/posts\/242983\/revisions"}],"predecessor-version":[{"id":242985,"href":"https:\/\/www.ocorreionews.com.br\/acervo-correio\/index.php?rest_route=\/wp\/v2\/posts\/242983\/revisions\/242985"}],"wp:featuredmedia":[{"embeddable":true,"href":"https:\/\/www.ocorreionews.com.br\/acervo-correio\/index.php?rest_route=\/wp\/v2\/media\/159521"}],"wp:attachment":[{"href":"https:\/\/www.ocorreionews.com.br\/acervo-correio\/index.php?rest_route=%2Fwp%2Fv2%2Fmedia&parent=242983"}],"wp:term":[{"taxonomy":"category","embeddable":true,"href":"https:\/\/www.ocorreionews.com.br\/acervo-correio\/index.php?rest_route=%2Fwp%2Fv2%2Fcategories&post=242983"},{"taxonomy":"post_tag","embeddable":true,"href":"https:\/\/www.ocorreionews.com.br\/acervo-correio\/index.php?rest_route=%2Fwp%2Fv2%2Ftags&post=242983"}],"curies":[{"name":"wp","href":"https:\/\/api.w.org\/{rel}","templated":true}]}}