{"id":242986,"date":"2023-06-20T08:32:25","date_gmt":"2023-06-20T12:32:25","guid":{"rendered":"https:\/\/www.ocorreionews.com.br\/acervo-correio\/?p=242986"},"modified":"2023-06-20T08:32:25","modified_gmt":"2023-06-20T12:32:25","slug":"exame-toxicologico-volta-a-ser-exigido-a-motoristas-profissionais","status":"publish","type":"post","link":"https:\/\/www.ocorreionews.com.br\/acervo-correio\/?p=242986","title":{"rendered":"Exame toxicol\u00f3gico volta a ser exigido a motoristas profissionais"},"content":{"rendered":"<div id=\"chunk-92dbr\">\n<div class=\"mc-column content-text active-extra-styles \" data-block-type=\"unstyled\" data-block-weight=\"34\" data-block-id=\"3\">\n<p class=\"content-text__container \" data-track-category=\"Link no Texto\" data-track-links=\"\">O presidente Lula (PT) sancionou com vetos a lei que retorna com a obrigatoriedade do exame toxicol\u00f3gico para motoristas profissionais. O texto foi publicado na edi\u00e7\u00e3o do &#8220;Di\u00e1rio Oficial da Uni\u00e3o&#8221; desta ter\u00e7a-feira (20).<\/p>\n<p data-track-category=\"Link no Texto\" data-track-links=\"\">\n<\/div>\n<\/div>\n<div class=\"wall protected-content\">\n<div id=\"chunk-6roto\">\n<div class=\"mc-column content-text active-extra-styles \" data-block-type=\"unstyled\" data-block-weight=\"42\" data-block-id=\"5\">\n<p class=\"content-text__container \" data-track-category=\"Link no Texto\" data-track-links=\"\">Entre os trechos vetados por Lula est\u00e1 a puni\u00e7\u00e3o com multa para os motoristas que perderem o prazo para fazer o exame ap\u00f3s 30 dias do vencimento da data estabelecida. Pelo texto aprovado pelo Congresso, a infra\u00e7\u00e3o seria considerada grav\u00edssima, com multa.<\/p>\n<p data-track-category=\"Link no Texto\" data-track-links=\"\">\n<\/div>\n<\/div>\n<div id=\"chunk-465fl\">\n<div class=\"mc-column content-text active-extra-styles \" data-block-type=\"unstyled\" data-block-weight=\"31\" data-block-id=\"6\">\n<p class=\"content-text__container \" data-track-category=\"Link no Texto\" data-track-links=\"\">O governo considerou que a penaliza\u00e7\u00e3o para quem n\u00e3o fizer o exame no prazo \u00e9 desproporcional, &#8220;mesmo que esse condutor tenha dirigido no per\u00edodo ve\u00edculos das categorias que exijam o exame&#8221;.<\/p>\n<\/div>\n<\/div>\n<div id=\"chunk-em6lv\">\n<div class=\"content-ads content-ads--reveal\" data-block-type=\"ads\" data-block-id=\"7\">\n<div><\/div>\n<\/div>\n<\/div>\n<div id=\"chunk-ee5ej\">\n<div class=\"mc-column content-text active-extra-styles \" data-block-type=\"unstyled\" data-block-weight=\"33\" data-block-id=\"8\">\n<p class=\"content-text__container \" data-track-category=\"Link no Texto\" data-track-links=\"\">Apesar deste veto, o governo manteve a obrigatoriedade do exame e multa para quem n\u00e3o o fizer, al\u00e9m da suspens\u00e3o do direito de dirigir em caso de reincid\u00eancia no per\u00edodo de 12 meses.<\/p>\n<p data-track-category=\"Link no Texto\" data-track-links=\"\">\n<\/div>\n<\/div>\n<div id=\"chunk-a4o9a\">\n<div class=\"mc-column content-text active-extra-styles \" data-block-type=\"unstyled\" data-block-weight=\"32\" data-block-id=\"10\">\n<p class=\"content-text__container \" data-track-category=\"Link no Texto\" data-track-links=\"\">Lula tamb\u00e9m vetou um trecho da lei que proibia o motorista profissional de dirigir qualquer ve\u00edculo, em caso de resultado positivo no exame toxicol\u00f3gico, at\u00e9 que houvesse resultado negativo em novo exame.<\/p>\n<p data-track-category=\"Link no Texto\" data-track-links=\"\">\n<\/div>\n<\/div>\n<div id=\"chunk-erm5e\">\n<div class=\"mc-column content-text active-extra-styles \" data-block-type=\"unstyled\" data-block-weight=\"39\" data-block-id=\"11\">\n<p class=\"content-text__container \" data-track-category=\"Link no Texto\" data-track-links=\"\">Na justificativa, o governo disse que a medida \u00e9 inconstitucional, al\u00e9m de ser desproporcional, j\u00e1 que o impedimento de dirigir em caso de resultado positivo deveria se impor apenas \u00e0s categorias de habilita\u00e7\u00e3o as quais o exame \u00e9 exigido.<\/p>\n<p data-track-category=\"Link no Texto\" data-track-links=\"\">\n<\/div>\n<\/div>\n<div class=\"mc-column content-text active-extra-styles\" data-block-type=\"raw\" data-block-weight=\"2\" data-block-id=\"12\">\n<p class=\"content-text__container\">\n<div class=\"content-intertitle\">\n<h2>A lei<\/h2>\n<\/div>\n<\/div>\n<p>&nbsp;<\/p>\n<div id=\"chunk-9isa4\">\n<div class=\"mc-column content-text active-extra-styles \" data-block-type=\"unstyled\" data-block-weight=\"41\" data-block-id=\"13\">\n<p class=\"content-text__container \" data-track-category=\"Link no Texto\" data-track-links=\"\">Com o texto sancionado, os exames voltar\u00e3o a ser exigidos a partir do dia 1\u00ba de julho de 2023. O exame \u00e9 obrigat\u00f3rio para motoristas das carteiras de habilita\u00e7\u00e3o categorias C, D e E, que abrangem ve\u00edculos como caminh\u00f5es e \u00f4nibus.<\/p>\n<p data-track-category=\"Link no Texto\" data-track-links=\"\">\n<\/div>\n<\/div>\n<div id=\"chunk-2utge\">\n<div class=\"mc-column content-text active-extra-styles \" data-block-type=\"unstyled\" data-block-weight=\"17\" data-block-id=\"14\">\n<p class=\"content-text__container \" data-track-category=\"Link no Texto\" data-track-links=\"\">Outra altera\u00e7\u00e3o transfere para os \u00f3rg\u00e3os de tr\u00e2nsito municipais a responsabilidade de fiscaliza\u00e7\u00e3o de infra\u00e7\u00f5es relacionadas a:<\/p>\n<\/div>\n<\/div>\n<p class=\"content-text__container\">\n<div class=\"mc-column content-text active-extra-styles\" data-block-type=\"raw\" data-block-weight=\"34\" data-block-id=\"15\">\n<ul class=\"content-unordered-list\">\n<li>estacionamento proibido;<\/li>\n<li>parada proibida;<\/li>\n<li>excesso de velocidade;<\/li>\n<li>ve\u00edculo transitando de forma inadequada;<\/li>\n<li>deixar de sinalizar qualquer obst\u00e1culo na via;<\/li>\n<li>guinchar ve\u00edculos abandonados ou acidentados para dep\u00f3sito;<\/li>\n<li>autoriza\u00e7\u00e3o para obras ou eventos em vias p\u00fablicas.<\/li>\n<\/ul>\n<p>&nbsp;<\/p>\n<\/div>\n<div id=\"chunk-c4e79\">\n<div class=\"content-ads content-ads--reveal\" data-block-type=\"ads\" data-block-id=\"16\">\n<div><\/div>\n<\/div>\n<\/div>\n<div id=\"chunk-d7a6i\">\n<div class=\"mc-column content-text active-extra-styles \" data-block-type=\"unstyled\" data-block-weight=\"18\" data-block-id=\"17\">\n<p class=\"content-text__container \" data-track-category=\"Link no Texto\" data-track-links=\"\">Al\u00e9m disso, tamb\u00e9m passam ser obrigat\u00f3rios os seguintes seguros para prestadores do servi\u00e7o de transporte rodovi\u00e1rio de cargas:<\/p>\n<p data-track-category=\"Link no Texto\" data-track-links=\"\">\n<\/div>\n<\/div>\n<div class=\"mc-column content-text active-extra-styles\" data-block-type=\"raw\" data-block-weight=\"97\" data-block-id=\"18\">\n<p class=\"content-text__container\">\n<ul class=\"content-unordered-list\">\n<li><strong>Responsabilidade Civil do Transportador Rodovi\u00e1rio de Carga<\/strong> para cobertura de perdas ou danos causados \u00e0 carga transportada em consequ\u00eancia de acidentes com o ve\u00edculo transportador, decorrentes de colis\u00e3o abalroamento, de tombamento, de capotamento, de inc\u00eandio ou de explos\u00e3o;<\/li>\n<li><strong>Responsabilidade Civil do Transportador Rodovi\u00e1rio por Desaparecimento de Carga<\/strong> para cobertura de roubo, de furto simples ou qualificado, de apropria\u00e7\u00e3o ind\u00e9bita, de estelionato e de extors\u00e3o simples ou mediante sequestro sobrevindos \u00e0 carga durante o transporte;<\/li>\n<li><strong>Responsabilidade Civil de Ve\u00edculo<\/strong> para cobertura de danos corporais e materiais causados a terceiros pelo ve\u00edculo automotor utilizado no transporte rodovi\u00e1rio de cargas.<\/li>\n<\/ul>\n<\/div>\n<\/div>\n<p>&nbsp;<\/p>\n<p>Por Wesley Bischoff, g1<\/p>\n","protected":false},"excerpt":{"rendered":"<p>O presidente Lula (PT) sancionou com vetos a lei que retorna com a obrigatoriedade do exame toxicol\u00f3gico para motoristas profissionais. O texto foi publicado na edi\u00e7\u00e3o do &#8220;Di\u00e1rio Oficial da Uni\u00e3o&#8221; desta ter\u00e7a-feira (20). Entre os trechos vetados por Lula est\u00e1 a puni\u00e7\u00e3o com multa para os motoristas que perderem o prazo para fazer o [&hellip;]<\/p>\n","protected":false},"author":5,"featured_media":242994,"comment_status":"closed","ping_status":"closed","sticky":false,"template":"","format":"standard","meta":{"footnotes":""},"categories":[37],"tags":[],"class_list":["post-242986","post","type-post","status-publish","format-standard","has-post-thumbnail","hentry","category-politica"],"_links":{"self":[{"href":"https:\/\/www.ocorreionews.com.br\/acervo-correio\/index.php?rest_route=\/wp\/v2\/posts\/242986","targetHints":{"allow":["GET"]}}],"collection":[{"href":"https:\/\/www.ocorreionews.com.br\/acervo-correio\/index.php?rest_route=\/wp\/v2\/posts"}],"about":[{"href":"https:\/\/www.ocorreionews.com.br\/acervo-correio\/index.php?rest_route=\/wp\/v2\/types\/post"}],"author":[{"embeddable":true,"href":"https:\/\/www.ocorreionews.com.br\/acervo-correio\/index.php?rest_route=\/wp\/v2\/users\/5"}],"replies":[{"embeddable":true,"href":"https:\/\/www.ocorreionews.com.br\/acervo-correio\/index.php?rest_route=%2Fwp%2Fv2%2Fcomments&post=242986"}],"version-history":[{"count":1,"href":"https:\/\/www.ocorreionews.com.br\/acervo-correio\/index.php?rest_route=\/wp\/v2\/posts\/242986\/revisions"}],"predecessor-version":[{"id":242995,"href":"https:\/\/www.ocorreionews.com.br\/acervo-correio\/index.php?rest_route=\/wp\/v2\/posts\/242986\/revisions\/242995"}],"wp:featuredmedia":[{"embeddable":true,"href":"https:\/\/www.ocorreionews.com.br\/acervo-correio\/index.php?rest_route=\/wp\/v2\/media\/242994"}],"wp:attachment":[{"href":"https:\/\/www.ocorreionews.com.br\/acervo-correio\/index.php?rest_route=%2Fwp%2Fv2%2Fmedia&parent=242986"}],"wp:term":[{"taxonomy":"category","embeddable":true,"href":"https:\/\/www.ocorreionews.com.br\/acervo-correio\/index.php?rest_route=%2Fwp%2Fv2%2Fcategories&post=242986"},{"taxonomy":"post_tag","embeddable":true,"href":"https:\/\/www.ocorreionews.com.br\/acervo-correio\/index.php?rest_route=%2Fwp%2Fv2%2Ftags&post=242986"}],"curies":[{"name":"wp","href":"https:\/\/api.w.org\/{rel}","templated":true}]}}