{"id":242996,"date":"2023-06-20T08:40:13","date_gmt":"2023-06-20T12:40:13","guid":{"rendered":"https:\/\/www.ocorreionews.com.br\/acervo-correio\/?p=242996"},"modified":"2023-06-20T09:34:15","modified_gmt":"2023-06-20T13:34:15","slug":"comunicamos-o-falecimento-do-nosso-irmao-frei-davi-de-marau","status":"publish","type":"post","link":"https:\/\/www.ocorreionews.com.br\/acervo-correio\/?p=242996","title":{"rendered":"Comunicamos o falecimento do  Frei Davi de Marau"},"content":{"rendered":"<p>Faleceu nessa manh\u00e3 \u00e0s 2:30h, o Frei Davi de Marau, o qual foi p\u00e1roco nesse munic\u00edpio de Alcin\u00f3polis e Precursor na Evangeliza\u00e7\u00e3o de Costa Rica e Para\u00edso das \u00c1guas. &#8220;Dai-lhes, Senhor, o eterno descanso Entre os esplendores da luz perp\u00e9tua. Descansem em paz. \u00c1mem&#8221;<\/p>\n","protected":false},"excerpt":{"rendered":"<p>Faleceu nessa manh\u00e3 \u00e0s 2:30h, o Frei Davi de Marau, o qual foi p\u00e1roco nesse munic\u00edpio de Alcin\u00f3polis e Precursor na Evangeliza\u00e7\u00e3o de Costa Rica e Para\u00edso das \u00c1guas. &#8220;Dai-lhes, Senhor, o eterno descanso Entre os esplendores da luz perp\u00e9tua. Descansem em paz. \u00c1mem&#8221;<\/p>\n","protected":false},"author":4,"featured_media":242997,"comment_status":"closed","ping_status":"closed","sticky":false,"template":"","format":"standard","meta":{"footnotes":""},"categories":[18],"tags":[],"class_list":["post-242996","post","type-post","status-publish","format-standard","has-post-thumbnail","hentry","category-alcinopolis"],"_links":{"self":[{"href":"https:\/\/www.ocorreionews.com.br\/acervo-correio\/index.php?rest_route=\/wp\/v2\/posts\/242996","targetHints":{"allow":["GET"]}}],"collection":[{"href":"https:\/\/www.ocorreionews.com.br\/acervo-correio\/index.php?rest_route=\/wp\/v2\/posts"}],"about":[{"href":"https:\/\/www.ocorreionews.com.br\/acervo-correio\/index.php?rest_route=\/wp\/v2\/types\/post"}],"author":[{"embeddable":true,"href":"https:\/\/www.ocorreionews.com.br\/acervo-correio\/index.php?rest_route=\/wp\/v2\/users\/4"}],"replies":[{"embeddable":true,"href":"https:\/\/www.ocorreionews.com.br\/acervo-correio\/index.php?rest_route=%2Fwp%2Fv2%2Fcomments&post=242996"}],"version-history":[{"count":1,"href":"https:\/\/www.ocorreionews.com.br\/acervo-correio\/index.php?rest_route=\/wp\/v2\/posts\/242996\/revisions"}],"predecessor-version":[{"id":243000,"href":"https:\/\/www.ocorreionews.com.br\/acervo-correio\/index.php?rest_route=\/wp\/v2\/posts\/242996\/revisions\/243000"}],"wp:featuredmedia":[{"embeddable":true,"href":"https:\/\/www.ocorreionews.com.br\/acervo-correio\/index.php?rest_route=\/wp\/v2\/media\/242997"}],"wp:attachment":[{"href":"https:\/\/www.ocorreionews.com.br\/acervo-correio\/index.php?rest_route=%2Fwp%2Fv2%2Fmedia&parent=242996"}],"wp:term":[{"taxonomy":"category","embeddable":true,"href":"https:\/\/www.ocorreionews.com.br\/acervo-correio\/index.php?rest_route=%2Fwp%2Fv2%2Fcategories&post=242996"},{"taxonomy":"post_tag","embeddable":true,"href":"https:\/\/www.ocorreionews.com.br\/acervo-correio\/index.php?rest_route=%2Fwp%2Fv2%2Ftags&post=242996"}],"curies":[{"name":"wp","href":"https:\/\/api.w.org\/{rel}","templated":true}]}}