{"id":242999,"date":"2023-06-20T09:37:23","date_gmt":"2023-06-20T13:37:23","guid":{"rendered":"https:\/\/www.ocorreionews.com.br\/acervo-correio\/?p=242999"},"modified":"2023-06-20T09:37:23","modified_gmt":"2023-06-20T13:37:23","slug":"producao-agricola-deve-gerar-r-52-bilhoes-neste-ano-em-ms","status":"publish","type":"post","link":"https:\/\/www.ocorreionews.com.br\/acervo-correio\/?p=242999","title":{"rendered":"Produ\u00e7\u00e3o agr\u00edcola deve gerar R$ 52 bilh\u00f5es neste ano em MS"},"content":{"rendered":"<div id=\"chunk-a6dah\">\n<div class=\"mc-column content-text active-extra-styles \" data-block-type=\"unstyled\" data-block-weight=\"64\" data-block-id=\"3\">\n<p class=\"content-text__container \" data-track-category=\"Link no Texto\" data-track-links=\"\">Para este ano a expectativa \u00e9 que a produ\u00e7\u00e3o agr\u00edcola de Mato Grosso do Sul seja de 72,09 milh\u00f5es de toneladas, distribu\u00edda por 6,88 milh\u00f5es de hectares e um rendimento R$ 52 bilh\u00f5es aos produtores rurais do estado, de acordo com Carta de Conjuntura elaborada pela equipe de estat\u00edstica da Secretaria de Estado de Meio Ambiente, Desenvolvimento Econ\u00f4mico, Ci\u00eancia, Tecnologia e Inova\u00e7\u00e3o (Semadesc).<\/p>\n<p data-track-category=\"Link no Texto\" data-track-links=\"\">\n<\/div>\n<\/div>\n<div class=\"wall protected-content\">\n<div id=\"chunk-a9i5k\">\n<div class=\"mc-column content-text active-extra-styles \" data-block-type=\"unstyled\" data-block-weight=\"24\" data-block-id=\"4\">\n<p class=\"content-text__container \" data-track-category=\"Link no Texto\" data-track-links=\"\">Comparado aos dados de 2022, os n\u00fameros representam uma alta de 12,89% em rela\u00e7\u00e3o a produ\u00e7\u00e3o e 0,15% em rela\u00e7\u00e3o a \u00e1rea colhida estimada.<\/p>\n<p data-track-category=\"Link no Texto\" data-track-links=\"\">\n<\/div>\n<\/div>\n<div id=\"chunk-c3960\">\n<div class=\"mc-column content-text active-extra-styles \" data-block-type=\"unstyled\" data-block-weight=\"39\" data-block-id=\"5\">\n<p class=\"content-text__container \" data-track-category=\"Link no Texto\" data-track-links=\"\">Segundo o levantamento, a soja ser\u00e1 o destaque neste ano nas lavouras, com produ\u00e7\u00e3o de 13,90 milh\u00f5es de toneladas, ocupando uma \u00e1rea de 3.798,62 mil hectares. Isso equivale a um avan\u00e7o de 62,77% e 3,99%, respectivamente na cultura.<\/p>\n<\/div>\n<\/div>\n<div id=\"chunk-71fpq\">\n<div class=\"mc-column content-text active-extra-styles \" data-block-type=\"unstyled\" data-block-weight=\"31\" data-block-id=\"7\">\n<p class=\"content-text__container \" data-track-category=\"Link no Texto\" data-track-links=\"\">Em rela\u00e7\u00e3o ao milho safrinha (2\u00aa safra), a produ\u00e7\u00e3o esperada \u00e9 de 11,44 milh\u00f5es de toneladas (-10,27%) e, para a cana-de a\u00e7\u00facar, um volume de 44,76 milh\u00f5es de toneladas (9,83%).<\/p>\n<p data-track-category=\"Link no Texto\" data-track-links=\"\">\n<\/div>\n<\/div>\n<div id=\"chunk-632lf\">\n<div class=\"mc-column content-text active-extra-styles \" data-block-type=\"unstyled\" data-block-weight=\"26\" data-block-id=\"8\">\n<p class=\"content-text__container \" data-track-category=\"Link no Texto\" data-track-links=\"\">Levando em considera\u00e7\u00e3o os termos de propor\u00e7\u00f5es, em 2023, as culturas de soja, milho e cana-de-a\u00e7\u00facar possuem uma participa\u00e7\u00e3o de 55,17%, 32,27% e 9,17%, respectivamente.<\/p>\n<p data-track-category=\"Link no Texto\" data-track-links=\"\">\n<\/div>\n<\/div>\n<div id=\"chunk-cutvn\">\n<div class=\"mc-column content-text active-extra-styles \" data-block-type=\"unstyled\" data-block-weight=\"33\" data-block-id=\"9\">\n<p class=\"content-text__container \" data-track-category=\"Link no Texto\" data-track-links=\"\">Conforme apresentado pelo levantamento, se considerar o setor agropecu\u00e1rio estadual como um todo, a agricultura responde por 72,74% e, em rela\u00e7\u00e3o ao ranking nacional, Mato Grosso do Sul se encontra na 7\u00aa posi\u00e7\u00e3o.<\/p>\n<p data-track-category=\"Link no Texto\" data-track-links=\"\">\n<\/div>\n<\/div>\n<div id=\"chunk-5uk8l\">\n<div class=\"mc-column content-text active-extra-styles \" data-block-type=\"unstyled\" data-block-weight=\"84\" data-block-id=\"10\">\n<p class=\"content-text__container \" data-track-category=\"Link no Texto\" data-track-links=\"\">Conforme o economista da Semadesc, Renato Prado, os n\u00fameros apresentados na Carta de Conjuntura indicam um desempenho not\u00e1vel para a agricultura em Mato Grosso do Sul em 2023. &#8220;O crescimento estimado de 12,89% na produ\u00e7\u00e3o agr\u00edcola e o aumento de renda para mais de R$ 52 bilh\u00f5es refor\u00e7am a import\u00e2ncia da agricultura como um pilar s\u00f3lido da economia do nosso Estado. No entanto, \u00e9 crucial continuarmos a diversificar nossas culturas e buscar formas inovadoras de aumentar a efici\u00eancia da produ\u00e7\u00e3o em todas as \u00e1reas&#8221;.<\/p>\n<p data-track-category=\"Link no Texto\" data-track-links=\"\">\n<p class=\"content-text__container \" data-track-category=\"Link no Texto\" data-track-links=\"\">* Por: G1\/MS<\/p>\n<p data-track-category=\"Link no Texto\" data-track-links=\"\">\n<\/div>\n<\/div>\n<\/div>\n","protected":false},"excerpt":{"rendered":"<p>Para este ano a expectativa \u00e9 que a produ\u00e7\u00e3o agr\u00edcola de Mato Grosso do Sul seja de 72,09 milh\u00f5es de toneladas, distribu\u00edda por 6,88 milh\u00f5es de hectares e um rendimento R$ 52 bilh\u00f5es aos produtores rurais do estado, de acordo com Carta de Conjuntura elaborada pela equipe de estat\u00edstica da Secretaria de Estado de Meio [&hellip;]<\/p>\n","protected":false},"author":5,"featured_media":243001,"comment_status":"closed","ping_status":"closed","sticky":false,"template":"","format":"standard","meta":{"footnotes":""},"categories":[17],"tags":[],"class_list":["post-242999","post","type-post","status-publish","format-standard","has-post-thumbnail","hentry","category-agropecuaria"],"_links":{"self":[{"href":"https:\/\/www.ocorreionews.com.br\/acervo-correio\/index.php?rest_route=\/wp\/v2\/posts\/242999","targetHints":{"allow":["GET"]}}],"collection":[{"href":"https:\/\/www.ocorreionews.com.br\/acervo-correio\/index.php?rest_route=\/wp\/v2\/posts"}],"about":[{"href":"https:\/\/www.ocorreionews.com.br\/acervo-correio\/index.php?rest_route=\/wp\/v2\/types\/post"}],"author":[{"embeddable":true,"href":"https:\/\/www.ocorreionews.com.br\/acervo-correio\/index.php?rest_route=\/wp\/v2\/users\/5"}],"replies":[{"embeddable":true,"href":"https:\/\/www.ocorreionews.com.br\/acervo-correio\/index.php?rest_route=%2Fwp%2Fv2%2Fcomments&post=242999"}],"version-history":[{"count":1,"href":"https:\/\/www.ocorreionews.com.br\/acervo-correio\/index.php?rest_route=\/wp\/v2\/posts\/242999\/revisions"}],"predecessor-version":[{"id":243002,"href":"https:\/\/www.ocorreionews.com.br\/acervo-correio\/index.php?rest_route=\/wp\/v2\/posts\/242999\/revisions\/243002"}],"wp:featuredmedia":[{"embeddable":true,"href":"https:\/\/www.ocorreionews.com.br\/acervo-correio\/index.php?rest_route=\/wp\/v2\/media\/243001"}],"wp:attachment":[{"href":"https:\/\/www.ocorreionews.com.br\/acervo-correio\/index.php?rest_route=%2Fwp%2Fv2%2Fmedia&parent=242999"}],"wp:term":[{"taxonomy":"category","embeddable":true,"href":"https:\/\/www.ocorreionews.com.br\/acervo-correio\/index.php?rest_route=%2Fwp%2Fv2%2Fcategories&post=242999"},{"taxonomy":"post_tag","embeddable":true,"href":"https:\/\/www.ocorreionews.com.br\/acervo-correio\/index.php?rest_route=%2Fwp%2Fv2%2Ftags&post=242999"}],"curies":[{"name":"wp","href":"https:\/\/api.w.org\/{rel}","templated":true}]}}