{"id":243013,"date":"2023-06-20T10:18:37","date_gmt":"2023-06-20T14:18:37","guid":{"rendered":"https:\/\/www.ocorreionews.com.br\/acervo-correio\/?p=243013"},"modified":"2023-06-20T10:18:37","modified_gmt":"2023-06-20T14:18:37","slug":"escola-municipal-cecilia-meireles-participa-pelo-segundo-ano-do-projeto-camara-vai-a-escola","status":"publish","type":"post","link":"https:\/\/www.ocorreionews.com.br\/acervo-correio\/?p=243013","title":{"rendered":"Escola Municipal Cec\u00edlia Meireles participa pelo segundo ano do projeto \u201cC\u00e2mara vai \u00e0 Escola\u201d"},"content":{"rendered":"<div class=\"leitura\">\n<p dir=\"ltr\"><strong>A Sess\u00e3o Ordin\u00e1ria n\u00ba1419 realizada nesta segunda-feira (19), recebeu os alunos da Escola Municipal Cec\u00edlia Meireles, representada por dois alunos que fizeram seus discursos no Plen\u00e1rio, no espa\u00e7o reservado para o projeto \u201cC\u00e2mara vai \u00e0 Escola\u201d. Os alunos Mois\u00e9s de Oliveira Pego e Pelino Ant\u00f4nio Goulart foram os mais votados para representarem a escola.\u00a0<\/strong><\/p>\n<p>&nbsp;<\/p>\n<p dir=\"ltr\"><strong>Mois\u00e9s destacou a import\u00e2ncia da educa\u00e7\u00e3o para a forma\u00e7\u00e3o do indiv\u00edduo e a necessidade de ter uma escola que ofere\u00e7a uma boa estrutura f\u00edsica e pedag\u00f3gica, acesso dos alunos \u00e0s tecnologias como lousas digitais, salas com computadores, sala de rob\u00f3tica e material did\u00e1tico atualizado. A capacita\u00e7\u00e3o dos professores para aprimoramento pedag\u00f3gico, reformas na estrutura da escola, seguran\u00e7a e o bem-estar dos alunos, medidas eficazes para combater bullying e outras formas de viol\u00eancia e aumento salarial para os professores, tamb\u00e9m foram temas abordados pelo estudante.<\/strong><\/p>\n<p><a href=\"https:\/\/www.ocorreionews.com.br\/acervo-correio\/wp-content\/uploads\/2023\/06\/escola-cecilia3-scaled.jpg\"><img loading=\"lazy\" decoding=\"async\" class=\"alignnone size-full wp-image-243012\" src=\"https:\/\/www.ocorreionews.com.br\/acervo-correio\/wp-content\/uploads\/2023\/06\/escola-cecilia3-scaled.jpg\" alt=\"\" width=\"2560\" height=\"1707\" srcset=\"https:\/\/www.ocorreionews.com.br\/acervo-correio\/wp-content\/uploads\/2023\/06\/escola-cecilia3-scaled.jpg 2560w, https:\/\/www.ocorreionews.com.br\/acervo-correio\/wp-content\/uploads\/2023\/06\/escola-cecilia3-300x200.jpg 300w, https:\/\/www.ocorreionews.com.br\/acervo-correio\/wp-content\/uploads\/2023\/06\/escola-cecilia3-1024x683.jpg 1024w, https:\/\/www.ocorreionews.com.br\/acervo-correio\/wp-content\/uploads\/2023\/06\/escola-cecilia3-768x512.jpg 768w, https:\/\/www.ocorreionews.com.br\/acervo-correio\/wp-content\/uploads\/2023\/06\/escola-cecilia3-1536x1024.jpg 1536w, https:\/\/www.ocorreionews.com.br\/acervo-correio\/wp-content\/uploads\/2023\/06\/escola-cecilia3-2048x1365.jpg 2048w\" sizes=\"auto, (max-width: 2560px) 100vw, 2560px\" \/><\/a><\/p>\n<p dir=\"ltr\"><strong>Pelino Ant\u00f4nio Goulart destacou o crescimento econ\u00f4mico e social de Chapad\u00e3o do Sul e, por esse motivo, a necessidade de promover melhorias na infraestrutura das escolas, proporcionando mais seguran\u00e7a com programas que combatam a evas\u00e3o escolar e viol\u00eancia e que geram resultados positivos para toda a sociedade. Palestras e qualifica\u00e7\u00e3o profissional para os jovens ingressarem no mercado de trabalho, a constru\u00e7\u00e3o de novos postos de sa\u00fade, e a instala\u00e7\u00e3o de sem\u00e1foros entre outras melhorias que diminuam os acidentes de tr\u00e2nsito, tamb\u00e9m foram solicitados pelo estudante.<\/strong><\/p>\n<p>&nbsp;<\/p>\n<p dir=\"ltr\"><strong>O Presidente da C\u00e2mara de Vereadores, Airton Ant\u00f4nio Schwantes (Tucano), agradeceu a presen\u00e7a da Escola Municipal Cec\u00edlia Meireles, que participa pelo segundo ano consecutivo do Projeto \u201cC\u00e2mara Vai \u00e0 Escola&#8221;. \u201cQuero parabenizar a Escola Cec\u00edlia Meireles, dire\u00e7\u00e3o, equipe de professores e, em especial os alunos que em conjunto da escola, acreditam no nosso projeto \u201cC\u00e2mara vai \u00e0 Escola\u201d, para entender melhor como funciona nossos tr\u00eas poderes\u201d, disse Tucano.<\/strong><\/p>\n<p><a href=\"https:\/\/www.ocorreionews.com.br\/acervo-correio\/wp-content\/uploads\/2023\/06\/escola-cecilia2-scaled.jpg\"><img loading=\"lazy\" decoding=\"async\" class=\"alignnone size-full wp-image-243011\" src=\"https:\/\/www.ocorreionews.com.br\/acervo-correio\/wp-content\/uploads\/2023\/06\/escola-cecilia2-scaled.jpg\" alt=\"\" width=\"2560\" height=\"1707\" srcset=\"https:\/\/www.ocorreionews.com.br\/acervo-correio\/wp-content\/uploads\/2023\/06\/escola-cecilia2-scaled.jpg 2560w, https:\/\/www.ocorreionews.com.br\/acervo-correio\/wp-content\/uploads\/2023\/06\/escola-cecilia2-300x200.jpg 300w, https:\/\/www.ocorreionews.com.br\/acervo-correio\/wp-content\/uploads\/2023\/06\/escola-cecilia2-1024x683.jpg 1024w, https:\/\/www.ocorreionews.com.br\/acervo-correio\/wp-content\/uploads\/2023\/06\/escola-cecilia2-768x512.jpg 768w, https:\/\/www.ocorreionews.com.br\/acervo-correio\/wp-content\/uploads\/2023\/06\/escola-cecilia2-1536x1024.jpg 1536w, https:\/\/www.ocorreionews.com.br\/acervo-correio\/wp-content\/uploads\/2023\/06\/escola-cecilia2-2048x1365.jpg 2048w\" sizes=\"auto, (max-width: 2560px) 100vw, 2560px\" \/><\/a><\/p>\n<p dir=\"ltr\"><strong>O falecimento de Jo\u00e3o F\u00e9lix Marinho Boteselle, de 69 anos, na quinta-feira (15), foi lembrado e comentado durante a sess\u00e3o. Os vereadores expressaram suas condol\u00eancias em seus discursos e por meio de Mo\u00e7\u00e3o de Pesar. F\u00e9lix, como era conhecido, era empres\u00e1rio e presidente da Serc (Sociedade Esportiva e Recreativa Chapad\u00e3o), tendo desempenhado trabalhos importantes para toda a popula\u00e7\u00e3o da cidade.<\/strong><\/p>\n<p dir=\"ltr\"><strong>Outro momento marcante da sess\u00e3o, foi a apresenta\u00e7\u00e3o de um v\u00eddeo institucional, que contou com a participa\u00e7\u00e3o dos vereadores e do prefeito, Jo\u00e3o Carlos Krug, onde as potencialidades de Chapad\u00e3o do Sul s\u00e3o apresentadas de forma din\u00e2mica e emocionante. Para assistir ao v\u00eddeo, acesse:<a href=\"https:\/\/www.instagram.com\/p\/CtrDPKlNXU8\/\">https:\/\/www.instagram.com\/p\/CtrDPKlNXU8\/<\/a><\/strong><\/p>\n<p>&nbsp;<\/p>\n<p dir=\"ltr\"><strong>Confira as indica\u00e7\u00f5es e requerimentos do dia clicando no link: <a href=\"https:\/\/www.camarachapadaodosul.ms.gov.br\/noticiasView\/4018_PAUTA-PARA-A-1419-SESSAO-ORDINARIA.html\">C\u00e2mara Municipal Chapad\u00e3o do Sul &#8211; MS (camarachapadaodosul.ms.gov.br)<\/a><\/strong><\/p>\n<p dir=\"ltr\">ASSECOM<\/p>\n<\/div>\n","protected":false},"excerpt":{"rendered":"<p>A Sess\u00e3o Ordin\u00e1ria n\u00ba1419 realizada nesta segunda-feira (19), recebeu os alunos da Escola Municipal Cec\u00edlia Meireles, representada por dois alunos que fizeram seus discursos no Plen\u00e1rio, no espa\u00e7o reservado para o projeto \u201cC\u00e2mara vai \u00e0 Escola\u201d. Os alunos Mois\u00e9s de Oliveira Pego e Pelino Ant\u00f4nio Goulart foram os mais votados para representarem a escola.\u00a0 &nbsp; [&hellip;]<\/p>\n","protected":false},"author":4,"featured_media":243010,"comment_status":"closed","ping_status":"closed","sticky":false,"template":"","format":"standard","meta":{"footnotes":""},"categories":[20,23],"tags":[],"class_list":["post-243013","post","type-post","status-publish","format-standard","has-post-thumbnail","hentry","category-camara-municipal","category-chapadao-do-sul"],"_links":{"self":[{"href":"https:\/\/www.ocorreionews.com.br\/acervo-correio\/index.php?rest_route=\/wp\/v2\/posts\/243013","targetHints":{"allow":["GET"]}}],"collection":[{"href":"https:\/\/www.ocorreionews.com.br\/acervo-correio\/index.php?rest_route=\/wp\/v2\/posts"}],"about":[{"href":"https:\/\/www.ocorreionews.com.br\/acervo-correio\/index.php?rest_route=\/wp\/v2\/types\/post"}],"author":[{"embeddable":true,"href":"https:\/\/www.ocorreionews.com.br\/acervo-correio\/index.php?rest_route=\/wp\/v2\/users\/4"}],"replies":[{"embeddable":true,"href":"https:\/\/www.ocorreionews.com.br\/acervo-correio\/index.php?rest_route=%2Fwp%2Fv2%2Fcomments&post=243013"}],"version-history":[{"count":1,"href":"https:\/\/www.ocorreionews.com.br\/acervo-correio\/index.php?rest_route=\/wp\/v2\/posts\/243013\/revisions"}],"predecessor-version":[{"id":243037,"href":"https:\/\/www.ocorreionews.com.br\/acervo-correio\/index.php?rest_route=\/wp\/v2\/posts\/243013\/revisions\/243037"}],"wp:featuredmedia":[{"embeddable":true,"href":"https:\/\/www.ocorreionews.com.br\/acervo-correio\/index.php?rest_route=\/wp\/v2\/media\/243010"}],"wp:attachment":[{"href":"https:\/\/www.ocorreionews.com.br\/acervo-correio\/index.php?rest_route=%2Fwp%2Fv2%2Fmedia&parent=243013"}],"wp:term":[{"taxonomy":"category","embeddable":true,"href":"https:\/\/www.ocorreionews.com.br\/acervo-correio\/index.php?rest_route=%2Fwp%2Fv2%2Fcategories&post=243013"},{"taxonomy":"post_tag","embeddable":true,"href":"https:\/\/www.ocorreionews.com.br\/acervo-correio\/index.php?rest_route=%2Fwp%2Fv2%2Ftags&post=243013"}],"curies":[{"name":"wp","href":"https:\/\/api.w.org\/{rel}","templated":true}]}}