{"id":243018,"date":"2023-06-20T10:29:33","date_gmt":"2023-06-20T14:29:33","guid":{"rendered":"https:\/\/www.ocorreionews.com.br\/acervo-correio\/?p=243018"},"modified":"2023-06-20T10:31:13","modified_gmt":"2023-06-20T14:31:13","slug":"convite-para-missa-do-setimo-dia-da-morte-joao-felix","status":"publish","type":"post","link":"https:\/\/www.ocorreionews.com.br\/acervo-correio\/?p=243018","title":{"rendered":"Convite para missa do s\u00e9timo dia do falecimento de  Jo\u00e3o F\u00e9lix"},"content":{"rendered":"<p>A fam\u00edlia de Jo\u00e3o Felix Botessele, convida a todos os que tanto amavam o nosso ente querido a estarem presentes na Missa do S\u00e9timo Dia que ser\u00e1 realizado neste <em><strong>dia 21(quarta-feira), as 19 horas na Par\u00f3quia de S\u00e3o Pedro.<\/strong><\/em><\/p>\n<p>&nbsp;<\/p>\n<p>Sabemos que, tal como n\u00f3s, s\u00e3o muitos os que n\u00e3o se conformam com a sua partida, mas nos consola a ideia de se encontrar no Reino dos C\u00e9us.<\/p>\n","protected":false},"excerpt":{"rendered":"<p>A fam\u00edlia de Jo\u00e3o Felix Botessele, convida a todos os que tanto amavam o nosso ente querido a estarem presentes na Missa do S\u00e9timo Dia que ser\u00e1 realizado neste dia 21(quarta-feira), as 19 horas na Par\u00f3quia de S\u00e3o Pedro. &nbsp; Sabemos que, tal como n\u00f3s, s\u00e3o muitos os que n\u00e3o se conformam com a sua [&hellip;]<\/p>\n","protected":false},"author":4,"featured_media":195569,"comment_status":"closed","ping_status":"closed","sticky":false,"template":"","format":"standard","meta":{"footnotes":""},"categories":[23],"tags":[],"class_list":["post-243018","post","type-post","status-publish","format-standard","has-post-thumbnail","hentry","category-chapadao-do-sul"],"_links":{"self":[{"href":"https:\/\/www.ocorreionews.com.br\/acervo-correio\/index.php?rest_route=\/wp\/v2\/posts\/243018","targetHints":{"allow":["GET"]}}],"collection":[{"href":"https:\/\/www.ocorreionews.com.br\/acervo-correio\/index.php?rest_route=\/wp\/v2\/posts"}],"about":[{"href":"https:\/\/www.ocorreionews.com.br\/acervo-correio\/index.php?rest_route=\/wp\/v2\/types\/post"}],"author":[{"embeddable":true,"href":"https:\/\/www.ocorreionews.com.br\/acervo-correio\/index.php?rest_route=\/wp\/v2\/users\/4"}],"replies":[{"embeddable":true,"href":"https:\/\/www.ocorreionews.com.br\/acervo-correio\/index.php?rest_route=%2Fwp%2Fv2%2Fcomments&post=243018"}],"version-history":[{"count":1,"href":"https:\/\/www.ocorreionews.com.br\/acervo-correio\/index.php?rest_route=\/wp\/v2\/posts\/243018\/revisions"}],"predecessor-version":[{"id":243022,"href":"https:\/\/www.ocorreionews.com.br\/acervo-correio\/index.php?rest_route=\/wp\/v2\/posts\/243018\/revisions\/243022"}],"wp:featuredmedia":[{"embeddable":true,"href":"https:\/\/www.ocorreionews.com.br\/acervo-correio\/index.php?rest_route=\/wp\/v2\/media\/195569"}],"wp:attachment":[{"href":"https:\/\/www.ocorreionews.com.br\/acervo-correio\/index.php?rest_route=%2Fwp%2Fv2%2Fmedia&parent=243018"}],"wp:term":[{"taxonomy":"category","embeddable":true,"href":"https:\/\/www.ocorreionews.com.br\/acervo-correio\/index.php?rest_route=%2Fwp%2Fv2%2Fcategories&post=243018"},{"taxonomy":"post_tag","embeddable":true,"href":"https:\/\/www.ocorreionews.com.br\/acervo-correio\/index.php?rest_route=%2Fwp%2Fv2%2Ftags&post=243018"}],"curies":[{"name":"wp","href":"https:\/\/api.w.org\/{rel}","templated":true}]}}