{"id":243033,"date":"2023-06-20T13:40:23","date_gmt":"2023-06-20T17:40:23","guid":{"rendered":"https:\/\/www.ocorreionews.com.br\/acervo-correio\/?p=243033"},"modified":"2023-06-20T13:40:23","modified_gmt":"2023-06-20T17:40:23","slug":"concurso-da-iagro-acrescenta-mais-9-vagas-para-fiscal-agropecuario-em-mato-grosso-do-sul","status":"publish","type":"post","link":"https:\/\/www.ocorreionews.com.br\/acervo-correio\/?p=243033","title":{"rendered":"Concurso da Iagro acrescenta mais 9 vagas para fiscal agropecu\u00e1rio em Mato Grosso do Sul"},"content":{"rendered":"<p>O governo de Mato Grosso do Sul publicou decreto no DOE-MS desta ter\u00e7a-feira (20) que acrescenta mais nove vagas para o cargo de Fiscal Estadual Agropecu\u00e1rio, na \u00e1rea de Engenharia Agron\u00f4mica, do concurso p\u00fablico da Iagro (Ag\u00eancia Estadual de Defesa Sanit\u00e1ria, Animal e Vegetal).<\/p>\n<p>Certame \u00e9 realizado para contratar profissional para o quadro efetivo da Ag\u00eancia. As novas 9 vagas ser\u00e3o preenchidas por candidatos aprovados em todas as fases do certame, mediante ordem de classifica\u00e7\u00e3o e o prazo de validade do Concurso P\u00fablico.<\/p>\n<div id=\"taboola-mid-article\" class=\"d-print-none my-3\"><\/div>\n<p>O decreto entrou em vigor na data da sua publica\u00e7\u00e3o e foi assinado por Eduardo Riedel, governador de Mato Grosso do Sul.<\/p>\n<p><strong>Nath\u00e1lia Rabelo, Midiamax<\/strong><\/p>\n","protected":false},"excerpt":{"rendered":"<p>O governo de Mato Grosso do Sul publicou decreto no DOE-MS desta ter\u00e7a-feira (20) que acrescenta mais nove vagas para o cargo de Fiscal Estadual Agropecu\u00e1rio, na \u00e1rea de Engenharia Agron\u00f4mica, do concurso p\u00fablico da Iagro (Ag\u00eancia Estadual de Defesa Sanit\u00e1ria, Animal e Vegetal). Certame \u00e9 realizado para contratar profissional para o quadro efetivo da [&hellip;]<\/p>\n","protected":false},"author":4,"featured_media":111086,"comment_status":"closed","ping_status":"closed","sticky":false,"template":"","format":"standard","meta":{"footnotes":""},"categories":[17],"tags":[],"class_list":["post-243033","post","type-post","status-publish","format-standard","has-post-thumbnail","hentry","category-agropecuaria"],"_links":{"self":[{"href":"https:\/\/www.ocorreionews.com.br\/acervo-correio\/index.php?rest_route=\/wp\/v2\/posts\/243033","targetHints":{"allow":["GET"]}}],"collection":[{"href":"https:\/\/www.ocorreionews.com.br\/acervo-correio\/index.php?rest_route=\/wp\/v2\/posts"}],"about":[{"href":"https:\/\/www.ocorreionews.com.br\/acervo-correio\/index.php?rest_route=\/wp\/v2\/types\/post"}],"author":[{"embeddable":true,"href":"https:\/\/www.ocorreionews.com.br\/acervo-correio\/index.php?rest_route=\/wp\/v2\/users\/4"}],"replies":[{"embeddable":true,"href":"https:\/\/www.ocorreionews.com.br\/acervo-correio\/index.php?rest_route=%2Fwp%2Fv2%2Fcomments&post=243033"}],"version-history":[{"count":1,"href":"https:\/\/www.ocorreionews.com.br\/acervo-correio\/index.php?rest_route=\/wp\/v2\/posts\/243033\/revisions"}],"predecessor-version":[{"id":243035,"href":"https:\/\/www.ocorreionews.com.br\/acervo-correio\/index.php?rest_route=\/wp\/v2\/posts\/243033\/revisions\/243035"}],"wp:featuredmedia":[{"embeddable":true,"href":"https:\/\/www.ocorreionews.com.br\/acervo-correio\/index.php?rest_route=\/wp\/v2\/media\/111086"}],"wp:attachment":[{"href":"https:\/\/www.ocorreionews.com.br\/acervo-correio\/index.php?rest_route=%2Fwp%2Fv2%2Fmedia&parent=243033"}],"wp:term":[{"taxonomy":"category","embeddable":true,"href":"https:\/\/www.ocorreionews.com.br\/acervo-correio\/index.php?rest_route=%2Fwp%2Fv2%2Fcategories&post=243033"},{"taxonomy":"post_tag","embeddable":true,"href":"https:\/\/www.ocorreionews.com.br\/acervo-correio\/index.php?rest_route=%2Fwp%2Fv2%2Ftags&post=243033"}],"curies":[{"name":"wp","href":"https:\/\/api.w.org\/{rel}","templated":true}]}}