{"id":243038,"date":"2023-06-20T13:44:24","date_gmt":"2023-06-20T17:44:24","guid":{"rendered":"https:\/\/www.ocorreionews.com.br\/acervo-correio\/?p=243038"},"modified":"2023-06-20T13:44:24","modified_gmt":"2023-06-20T17:44:24","slug":"pma-autua-pecuarista-por-desmatamento-ilegal-em-figueirao","status":"publish","type":"post","link":"https:\/\/www.ocorreionews.com.br\/acervo-correio\/?p=243038","title":{"rendered":"PMA  autua pecuarista por desmatamento ilegal em  Figueir\u00e3o"},"content":{"rendered":"<p>Durante fiscaliza\u00e7\u00e3o, a Pol\u00edcia Militar Ambiental (PMA) de Costa Rica constatou desmatamento ilegal em uma propriedade rural no munic\u00edpio de Figueir\u00e3o (MS) e o respons\u00e1vel pela fazenda, um pecuarista que reside em Costa Rica, foi autuado.<\/p>\n<p><img decoding=\"async\" src=\"https:\/\/mstododia.com.br\/uploads\/images\/WhatsApp%20Image%202023-06-20%20at%2009_54_22%20(1).jpeg\" alt=\"\" \/><img decoding=\"async\" src=\"https:\/\/mstododia.com.br\/uploads\/images\/WhatsApp%20Image%202023-06-20%20at%2009_54_23%20(1).jpeg\" alt=\"\" \/><\/p>\n<p><img decoding=\"async\" src=\"https:\/\/mstododia.com.br\/uploads\/images\/WhatsApp%20Image%202023-06-20%20at%2009_54_23.jpeg\" alt=\"\" \/><\/p>\n<p>Segundo a PMA, houve desmate da vegeta\u00e7\u00e3o nativa realizado com utiliza\u00e7\u00e3o m\u00e1quina com \u2018corrent\u00e3o de arrasto\u2019, de uma \u00e1rea que totalizou 38 hectares, sem a devida autoriza\u00e7\u00e3o do \u00f3rg\u00e3o ambiental competente.<\/p>\n<p>No local, os policiais verificaram ainda que o desmate ocorreu para o preparo do solo e o plantio de capim para a atividade pecu\u00e1ria.<\/p>\n<p>A \u00e1rea de desmate foi embargada at\u00e9 a regulariza\u00e7\u00e3o de compensa\u00e7\u00e3o ou reposi\u00e7\u00e3o florestal junto ao \u00f3rg\u00e3o ambiental.<\/p>\n<p>Ainda segundo a PMA, considerando que o desmate foi realizado fora de reserva legal (RL) e fora de \u00e1rea de preserva\u00e7\u00e3o permanente (APP), o respons\u00e1vel pela fazenda foi autuado pela Infra\u00e7\u00e3o Ambiental o qual responder\u00e1 por processos civil e administrativo.<\/p>\n<p><span class=\"data fz12 black uppercase\"> Fonte: MS Todo Dia <\/span><\/p>\n","protected":false},"excerpt":{"rendered":"<p>Durante fiscaliza\u00e7\u00e3o, a Pol\u00edcia Militar Ambiental (PMA) de Costa Rica constatou desmatamento ilegal em uma propriedade rural no munic\u00edpio de Figueir\u00e3o (MS) e o respons\u00e1vel pela fazenda, um pecuarista que reside em Costa Rica, foi autuado. Segundo a PMA, houve desmate da vegeta\u00e7\u00e3o nativa realizado com utiliza\u00e7\u00e3o m\u00e1quina com \u2018corrent\u00e3o de arrasto\u2019, de uma \u00e1rea [&hellip;]<\/p>\n","protected":false},"author":4,"featured_media":243040,"comment_status":"closed","ping_status":"closed","sticky":false,"template":"","format":"standard","meta":{"footnotes":""},"categories":[30,38],"tags":[],"class_list":["post-243038","post","type-post","status-publish","format-standard","has-post-thumbnail","hentry","category-figueirao","category-policia"],"_links":{"self":[{"href":"https:\/\/www.ocorreionews.com.br\/acervo-correio\/index.php?rest_route=\/wp\/v2\/posts\/243038","targetHints":{"allow":["GET"]}}],"collection":[{"href":"https:\/\/www.ocorreionews.com.br\/acervo-correio\/index.php?rest_route=\/wp\/v2\/posts"}],"about":[{"href":"https:\/\/www.ocorreionews.com.br\/acervo-correio\/index.php?rest_route=\/wp\/v2\/types\/post"}],"author":[{"embeddable":true,"href":"https:\/\/www.ocorreionews.com.br\/acervo-correio\/index.php?rest_route=\/wp\/v2\/users\/4"}],"replies":[{"embeddable":true,"href":"https:\/\/www.ocorreionews.com.br\/acervo-correio\/index.php?rest_route=%2Fwp%2Fv2%2Fcomments&post=243038"}],"version-history":[{"count":1,"href":"https:\/\/www.ocorreionews.com.br\/acervo-correio\/index.php?rest_route=\/wp\/v2\/posts\/243038\/revisions"}],"predecessor-version":[{"id":243041,"href":"https:\/\/www.ocorreionews.com.br\/acervo-correio\/index.php?rest_route=\/wp\/v2\/posts\/243038\/revisions\/243041"}],"wp:featuredmedia":[{"embeddable":true,"href":"https:\/\/www.ocorreionews.com.br\/acervo-correio\/index.php?rest_route=\/wp\/v2\/media\/243040"}],"wp:attachment":[{"href":"https:\/\/www.ocorreionews.com.br\/acervo-correio\/index.php?rest_route=%2Fwp%2Fv2%2Fmedia&parent=243038"}],"wp:term":[{"taxonomy":"category","embeddable":true,"href":"https:\/\/www.ocorreionews.com.br\/acervo-correio\/index.php?rest_route=%2Fwp%2Fv2%2Fcategories&post=243038"},{"taxonomy":"post_tag","embeddable":true,"href":"https:\/\/www.ocorreionews.com.br\/acervo-correio\/index.php?rest_route=%2Fwp%2Fv2%2Ftags&post=243038"}],"curies":[{"name":"wp","href":"https:\/\/api.w.org\/{rel}","templated":true}]}}