{"id":243097,"date":"2023-06-20T16:29:35","date_gmt":"2023-06-20T20:29:35","guid":{"rendered":"https:\/\/www.ocorreionews.com.br\/acervo-correio\/?p=243097"},"modified":"2023-06-20T16:29:35","modified_gmt":"2023-06-20T20:29:35","slug":"paraiso-das-aguas-na-lideranca-entre-municipios-de-ms-que-mais-empregam","status":"publish","type":"post","link":"https:\/\/www.ocorreionews.com.br\/acervo-correio\/?p=243097","title":{"rendered":"Para\u00edso das \u00c1guas na lideran\u00e7a entre munic\u00edpios de MS que mais empregam"},"content":{"rendered":"<p>O munic\u00edpio de Para\u00edso das \u00c1guas encerrou o 1\u00ba semestre\u00a0de 2023 ocupando a primeira coloca\u00e7\u00e3o, entre os munic\u00edpios de Mato Grosso do Sul com at\u00e9 10.188 habitantes, na lista das cidades que mais geraram vagas de emprego neste per\u00edodo.<\/p>\n<p>Na \u00faltima divulga\u00e7\u00e3o feita pelo CAGED (Cadastro Geral de Empregados e Desempregados) publicada no aplicativo GovF\u00e1cil, o munic\u00edpio de Para\u00edso das \u00c1guas aparece em primeiro lugar com 172 vagas de saldo de acordo com levantamento publicado em 17 de junho de 2023.<\/p>\n<p>O saldo \u00e9 obtido por meio do n\u00famero de vagas abertas, subtraindo-se as vagas extintas. Ou seja, Para\u00edso das \u00c1guas est\u00e1 com saldo positivo, s\u00e3o mais vagas de trabalho que demiss\u00f5es.<\/p>\n<p>De acordo com o prefeito da cidade, An\u00edzio Andrade, atualmente as \u00e1reas que mais empregam em nosso munic\u00edpio s\u00e3o o agroneg\u00f3cio e a constru\u00e7\u00e3o civil com percept\u00edvel participa\u00e7\u00e3o do com\u00e9rcio e servi\u00e7os.<\/p>\n<p>\u201c\u00c9 n\u00edtido o quanto nosso munic\u00edpio se desenvolve dia ap\u00f3s dia, mais empresas e neg\u00f3cios se instalam em nosso territ\u00f3rio e consequentemente mais pessoas conseguem entrar no mercado de trabalho\u201d, afirmou o prefeito.<\/p>\n<p>Para o Secret\u00e1rio Municipal de Desenvolvimento Econ\u00f4mico, Meio Ambiente e Turismo, Wilson Matheus, os bons resultados obtidos por Para\u00edso das \u00c1guas refletem os bons servi\u00e7os e parcerias exitosas entre o poder p\u00fablico, sociedade e o mercado.<\/p>\n<p>\u201cO executivo municipal tem tomado a frente na busca por solu\u00e7\u00f5es para o avan\u00e7o do mercado de trabalho em nossa cidade. Grandes parcerias s\u00e3o firmadas a todo o tempo, seja com empresas privadas, institui\u00e7\u00f5es p\u00fablicas e terceiro setor. Os n\u00fameros divulgados pelo Caged s\u00e3o uma amostra do que ainda est\u00e1 por vir, nossa Para\u00edso das \u00c1guas cada vez mais pr\u00f3spera e em constante desenvolvimento\u201d, finaliza o secret\u00e1rio.<\/p>\n<p>&nbsp;<\/p>\n<p>&nbsp;<\/p>\n<p><em>Assecom Prefeitura de Para\u00edso das \u00c1guas &#8211; Diogo Rondon &#8211; Jornalista DRT1131\/MS<\/em><\/p>\n","protected":false},"excerpt":{"rendered":"<p>O munic\u00edpio de Para\u00edso das \u00c1guas encerrou o 1\u00ba semestre\u00a0de 2023 ocupando a primeira coloca\u00e7\u00e3o, entre os munic\u00edpios de Mato Grosso do Sul com at\u00e9 10.188 habitantes, na lista das cidades que mais geraram vagas de emprego neste per\u00edodo. Na \u00faltima divulga\u00e7\u00e3o feita pelo CAGED (Cadastro Geral de Empregados e Desempregados) publicada no aplicativo GovF\u00e1cil, [&hellip;]<\/p>\n","protected":false},"author":5,"featured_media":103445,"comment_status":"closed","ping_status":"closed","sticky":false,"template":"","format":"standard","meta":{"footnotes":""},"categories":[41,36],"tags":[],"class_list":["post-243097","post","type-post","status-publish","format-standard","has-post-thumbnail","hentry","category-destaque","category-paraiso-das-aguas"],"_links":{"self":[{"href":"https:\/\/www.ocorreionews.com.br\/acervo-correio\/index.php?rest_route=\/wp\/v2\/posts\/243097","targetHints":{"allow":["GET"]}}],"collection":[{"href":"https:\/\/www.ocorreionews.com.br\/acervo-correio\/index.php?rest_route=\/wp\/v2\/posts"}],"about":[{"href":"https:\/\/www.ocorreionews.com.br\/acervo-correio\/index.php?rest_route=\/wp\/v2\/types\/post"}],"author":[{"embeddable":true,"href":"https:\/\/www.ocorreionews.com.br\/acervo-correio\/index.php?rest_route=\/wp\/v2\/users\/5"}],"replies":[{"embeddable":true,"href":"https:\/\/www.ocorreionews.com.br\/acervo-correio\/index.php?rest_route=%2Fwp%2Fv2%2Fcomments&post=243097"}],"version-history":[{"count":1,"href":"https:\/\/www.ocorreionews.com.br\/acervo-correio\/index.php?rest_route=\/wp\/v2\/posts\/243097\/revisions"}],"predecessor-version":[{"id":243098,"href":"https:\/\/www.ocorreionews.com.br\/acervo-correio\/index.php?rest_route=\/wp\/v2\/posts\/243097\/revisions\/243098"}],"wp:featuredmedia":[{"embeddable":true,"href":"https:\/\/www.ocorreionews.com.br\/acervo-correio\/index.php?rest_route=\/wp\/v2\/media\/103445"}],"wp:attachment":[{"href":"https:\/\/www.ocorreionews.com.br\/acervo-correio\/index.php?rest_route=%2Fwp%2Fv2%2Fmedia&parent=243097"}],"wp:term":[{"taxonomy":"category","embeddable":true,"href":"https:\/\/www.ocorreionews.com.br\/acervo-correio\/index.php?rest_route=%2Fwp%2Fv2%2Fcategories&post=243097"},{"taxonomy":"post_tag","embeddable":true,"href":"https:\/\/www.ocorreionews.com.br\/acervo-correio\/index.php?rest_route=%2Fwp%2Fv2%2Ftags&post=243097"}],"curies":[{"name":"wp","href":"https:\/\/api.w.org\/{rel}","templated":true}]}}