{"id":243109,"date":"2023-06-21T06:42:09","date_gmt":"2023-06-21T10:42:09","guid":{"rendered":"https:\/\/www.ocorreionews.com.br\/acervo-correio\/?p=243109"},"modified":"2023-06-20T17:45:12","modified_gmt":"2023-06-20T21:45:12","slug":"vereadora-isabel-do-zezinho-solicitou-criacao-do-espaco-saude-para-novo-belo-horizonte","status":"publish","type":"post","link":"https:\/\/www.ocorreionews.com.br\/acervo-correio\/?p=243109","title":{"rendered":"Vereadora Isabel do Zezinho solicitou cria\u00e7\u00e3o do espa\u00e7o sa\u00fade para Novo Belo Horizonte"},"content":{"rendered":"<p>A vereadora Isabel do Zezinho (MDB), apresentou a indica\u00e7\u00e3o de n\u00ba 63\/23, na qual solicita do executivo municipal a constru\u00e7\u00e3o de um espa\u00e7o para atendimento de sa\u00fade com m\u00e9dico, dentista e psic\u00f3logo no Povoado Novo Belo Horizonte.<\/p>\n<p>Tamb\u00e9m foi apresentada a indica\u00e7\u00e3o de n\u00ba 64\/23, de sua autoria, que solicitando a pavimenta\u00e7\u00e3o asf\u00e1ltica nas ruas do Povoado Novo Belo Horizonte.<\/p>\n","protected":false},"excerpt":{"rendered":"<p>A vereadora Isabel do Zezinho (MDB), apresentou a indica\u00e7\u00e3o de n\u00ba 63\/23, na qual solicita do executivo municipal a constru\u00e7\u00e3o de um espa\u00e7o para atendimento de sa\u00fade com m\u00e9dico, dentista e psic\u00f3logo no Povoado Novo Belo Horizonte. Tamb\u00e9m foi apresentada a indica\u00e7\u00e3o de n\u00ba 64\/23, de sua autoria, que solicitando a pavimenta\u00e7\u00e3o asf\u00e1ltica nas ruas [&hellip;]<\/p>\n","protected":false},"author":4,"featured_media":228012,"comment_status":"closed","ping_status":"closed","sticky":false,"template":"","format":"standard","meta":{"footnotes":""},"categories":[18,20],"tags":[],"class_list":["post-243109","post","type-post","status-publish","format-standard","has-post-thumbnail","hentry","category-alcinopolis","category-camara-municipal"],"_links":{"self":[{"href":"https:\/\/www.ocorreionews.com.br\/acervo-correio\/index.php?rest_route=\/wp\/v2\/posts\/243109","targetHints":{"allow":["GET"]}}],"collection":[{"href":"https:\/\/www.ocorreionews.com.br\/acervo-correio\/index.php?rest_route=\/wp\/v2\/posts"}],"about":[{"href":"https:\/\/www.ocorreionews.com.br\/acervo-correio\/index.php?rest_route=\/wp\/v2\/types\/post"}],"author":[{"embeddable":true,"href":"https:\/\/www.ocorreionews.com.br\/acervo-correio\/index.php?rest_route=\/wp\/v2\/users\/4"}],"replies":[{"embeddable":true,"href":"https:\/\/www.ocorreionews.com.br\/acervo-correio\/index.php?rest_route=%2Fwp%2Fv2%2Fcomments&post=243109"}],"version-history":[{"count":1,"href":"https:\/\/www.ocorreionews.com.br\/acervo-correio\/index.php?rest_route=\/wp\/v2\/posts\/243109\/revisions"}],"predecessor-version":[{"id":243110,"href":"https:\/\/www.ocorreionews.com.br\/acervo-correio\/index.php?rest_route=\/wp\/v2\/posts\/243109\/revisions\/243110"}],"wp:featuredmedia":[{"embeddable":true,"href":"https:\/\/www.ocorreionews.com.br\/acervo-correio\/index.php?rest_route=\/wp\/v2\/media\/228012"}],"wp:attachment":[{"href":"https:\/\/www.ocorreionews.com.br\/acervo-correio\/index.php?rest_route=%2Fwp%2Fv2%2Fmedia&parent=243109"}],"wp:term":[{"taxonomy":"category","embeddable":true,"href":"https:\/\/www.ocorreionews.com.br\/acervo-correio\/index.php?rest_route=%2Fwp%2Fv2%2Fcategories&post=243109"},{"taxonomy":"post_tag","embeddable":true,"href":"https:\/\/www.ocorreionews.com.br\/acervo-correio\/index.php?rest_route=%2Fwp%2Fv2%2Ftags&post=243109"}],"curies":[{"name":"wp","href":"https:\/\/api.w.org\/{rel}","templated":true}]}}