{"id":243118,"date":"2023-06-21T07:16:04","date_gmt":"2023-06-21T11:16:04","guid":{"rendered":"https:\/\/www.ocorreionews.com.br\/acervo-correio\/?p=243118"},"modified":"2023-06-21T09:26:20","modified_gmt":"2023-06-21T13:26:20","slug":"crianca-de-3-anos-morre-ao-ser-jogada-de-carro-durante-acidente-na-br-262","status":"publish","type":"post","link":"https:\/\/www.ocorreionews.com.br\/acervo-correio\/?p=243118","title":{"rendered":"Crian\u00e7a de 3 anos que n\u00e3o estava em cadeirinha morre ao ser arremessada de carro durante acidente em MS"},"content":{"rendered":"<p>Uma menina de tr\u00eas anos morreu em um acidente envolvendo tr\u00eas ve\u00edculos na BR-262 entre Campo Grande e Terenos durante a noite desta ter\u00e7a-feira (20). A crian\u00e7a que n\u00e3o estava em uma cadeirinha foi lan\u00e7ada para fora do ve\u00edculo em que estava e morreu no local.<\/p>\n<p>A informa\u00e7\u00e3o \u00e9 a de que o pai dela foi levado em estado grave para a atendimento e a m\u00e3e, socorrida consciente e orientada com suspeita de fratura exposta em uma das pernas.<\/p>\n<p>O acidente envolveu um Ford Escort, um VW Gol e um caminh\u00e3o ba\u00fa em um trecho de curva. O casal seguia com a filha de tr\u00eas anos no Ford Escort, sentido Campo Grande \u2013 Terenos, momento em que, por motivo ainda a ser apurado, o motorista, pai da crian\u00e7a, teria invadido a pista contr\u00e1ria com o carro.<\/p>\n<p>Com isso, houve a colis\u00e3o com o Gol, e depois com o caminh\u00e3o ba\u00fa que transitava no sentido contr\u00e1rio. A crian\u00e7a ent\u00e3o foi lan\u00e7ada do carro e caiu em um bueiro de escoamento de \u00e1gua pluvial, na margem da pista onde seguia o Escort. A menina morreu no local.<\/p>\n<p>\u00c0 reportagem, a PRF (Pol\u00edcia Rodovi\u00e1ria Federal) refor\u00e7ou a orienta\u00e7\u00e3o do uso da cadeirinha por crian\u00e7as. Motorista do Gol e do caminh\u00e3o n\u00e3o sofreram ferimentos considerados graves. O trecho apresentava congestionamento de aproximadamente tr\u00eas quil\u00f4metros no sentido Terenos \u2013 Campo Grande. A Pol\u00edcia Civil foi acionada. Corpo de Bombeiros e Samu (Servi\u00e7o de Atendimento M\u00f3vel de Urg\u00eancia), tamb\u00e9m foram acionados.<\/p>\n<figure class=\"wp-block-image size-full is-resized\">\n<p><figure id=\"attachment_1527808\" aria-describedby=\"caption-attachment-1527808\" style=\"width: 840px\" class=\"wp-caption aligncenter\"><img loading=\"lazy\" decoding=\"async\" class=\"wp-image-1527808\" src=\"https:\/\/midiamaxproducao.s3.amazonaws.com\/wp-content\/uploads\/2023\/06\/20214535\/WhatsApp-Image-2023-06-20-at-21.40.16.jpeg\" sizes=\"auto, (max-width: 840px) 100vw, 840px\" srcset=\"https:\/\/midiamaxproducao.s3.amazonaws.com\/wp-content\/uploads\/2023\/06\/20214535\/WhatsApp-Image-2023-06-20-at-21.40.16.jpeg 1280w, https:\/\/midiamaxproducao.s3.amazonaws.com\/wp-content\/uploads\/2023\/06\/20214535\/WhatsApp-Image-2023-06-20-at-21.40.16-300x225.jpeg 300w, https:\/\/midiamaxproducao.s3.amazonaws.com\/wp-content\/uploads\/2023\/06\/20214535\/WhatsApp-Image-2023-06-20-at-21.40.16-150x113.jpeg 150w\" alt=\"\" width=\"840\" height=\"630\" \/><figcaption id=\"caption-attachment-1527808\" class=\"wp-caption-text\">Gol e caminh\u00e3o ba\u00fa que tamb\u00e9m se envolveram no acidente (Midiamax)<\/figcaption><\/figure><\/figure>\n<p>&nbsp;<\/p>\n<p>&nbsp;<\/p>\n<p>&nbsp;<\/p>\n<p>*Midiamax, Diego Alves<\/p>\n","protected":false},"excerpt":{"rendered":"<p>Uma menina de tr\u00eas anos morreu em um acidente envolvendo tr\u00eas ve\u00edculos na BR-262 entre Campo Grande e Terenos durante a noite desta ter\u00e7a-feira (20). A crian\u00e7a que n\u00e3o estava em uma cadeirinha foi lan\u00e7ada para fora do ve\u00edculo em que estava e morreu no local. A informa\u00e7\u00e3o \u00e9 a de que o pai dela [&hellip;]<\/p>\n","protected":false},"author":4,"featured_media":243159,"comment_status":"closed","ping_status":"closed","sticky":false,"template":"","format":"standard","meta":{"footnotes":""},"categories":[38],"tags":[],"class_list":["post-243118","post","type-post","status-publish","format-standard","has-post-thumbnail","hentry","category-policia"],"_links":{"self":[{"href":"https:\/\/www.ocorreionews.com.br\/acervo-correio\/index.php?rest_route=\/wp\/v2\/posts\/243118","targetHints":{"allow":["GET"]}}],"collection":[{"href":"https:\/\/www.ocorreionews.com.br\/acervo-correio\/index.php?rest_route=\/wp\/v2\/posts"}],"about":[{"href":"https:\/\/www.ocorreionews.com.br\/acervo-correio\/index.php?rest_route=\/wp\/v2\/types\/post"}],"author":[{"embeddable":true,"href":"https:\/\/www.ocorreionews.com.br\/acervo-correio\/index.php?rest_route=\/wp\/v2\/users\/4"}],"replies":[{"embeddable":true,"href":"https:\/\/www.ocorreionews.com.br\/acervo-correio\/index.php?rest_route=%2Fwp%2Fv2%2Fcomments&post=243118"}],"version-history":[{"count":1,"href":"https:\/\/www.ocorreionews.com.br\/acervo-correio\/index.php?rest_route=\/wp\/v2\/posts\/243118\/revisions"}],"predecessor-version":[{"id":243162,"href":"https:\/\/www.ocorreionews.com.br\/acervo-correio\/index.php?rest_route=\/wp\/v2\/posts\/243118\/revisions\/243162"}],"wp:featuredmedia":[{"embeddable":true,"href":"https:\/\/www.ocorreionews.com.br\/acervo-correio\/index.php?rest_route=\/wp\/v2\/media\/243159"}],"wp:attachment":[{"href":"https:\/\/www.ocorreionews.com.br\/acervo-correio\/index.php?rest_route=%2Fwp%2Fv2%2Fmedia&parent=243118"}],"wp:term":[{"taxonomy":"category","embeddable":true,"href":"https:\/\/www.ocorreionews.com.br\/acervo-correio\/index.php?rest_route=%2Fwp%2Fv2%2Fcategories&post=243118"},{"taxonomy":"post_tag","embeddable":true,"href":"https:\/\/www.ocorreionews.com.br\/acervo-correio\/index.php?rest_route=%2Fwp%2Fv2%2Ftags&post=243118"}],"curies":[{"name":"wp","href":"https:\/\/api.w.org\/{rel}","templated":true}]}}