{"id":243121,"date":"2023-06-21T07:19:08","date_gmt":"2023-06-21T11:19:08","guid":{"rendered":"https:\/\/www.ocorreionews.com.br\/acervo-correio\/?p=243121"},"modified":"2023-06-21T07:19:08","modified_gmt":"2023-06-21T11:19:08","slug":"sobe-para-27-mil-o-numero-de-cabecas-de-gado-que-morreram-em-decorrencia-do-frio-em-ms","status":"publish","type":"post","link":"https:\/\/www.ocorreionews.com.br\/acervo-correio\/?p=243121","title":{"rendered":"Sobe para 2,7 mil o n\u00famero de cabe\u00e7as de gado que morreram em decorr\u00eancia do frio em MS"},"content":{"rendered":"<div class=\"elementor-element elementor-element-33095f69 elementor-widget elementor-widget-theme-post-content\" data-id=\"33095f69\" data-element_type=\"widget\" data-widget_type=\"theme-post-content.default\">\n<div class=\"elementor-widget-container\">\n<p>Chegou <a href=\"https:\/\/midiamax.uol.com.br\/cotidiano\/2023\/mato-grosso-do-sul-registra-15-mil-mortes-de-gado-por-frio-em-cinco-dias\/\">a 2.725 o n\u00famero de bovinos mortos em decorr\u00eancia do frio<\/a>, em propriedades de Mato Grosso do Sul. A informa\u00e7\u00e3o \u00e9 da Iagro\/MS (Ag\u00eancia Estadual de Defesa Sanit\u00e1ria Animal e Vegetal), que orienta aos produtores que perderam animais a procurar o \u00f3rg\u00e3o com urg\u00eancia.<\/p>\n<p>Nota t\u00e9cnica emitida nesta ter\u00e7a-feira (20) pela Iagro, explica que est\u00e1 realizando inspe\u00e7\u00e3o veterin\u00e1ria nas propriedades onde foram registradas morte de animais devido ao frio, para realizar a baixa do estoque do rebanho. Nas situa\u00e7\u00f5es em que a visita da Iagro n\u00e3o seja poss\u00edvel, o produtor dever\u00e1 apresentar um laudo veterin\u00e1rio particular para realizar a baixa do seu estoque.<\/p>\n<p>As mais de 2,7 mil mortes de animais foram registradas em 92 propriedades rurais, Nova Andradina foi o munic\u00edp\u00edo com maior preju\u00edzo, onde 32 propriedades registraram a morte de 601 animais nos \u00faltimos dias. Em Bataypor\u00e3, foram 396 animais mortos em 21 propriedades rurais.<\/p>\n<p>Em Aquidauana um \u00fanico produtor perdeu 386 cabe\u00e7as de gado e em Rio Verde de MS, 368 animais morreram em uma fazenda. Tamb\u00e9m h\u00e1 registro de mortes por frio em fazendas d de <a class=\"st_tag internal_tag \" title=\"\u00daltimas Not\u00edcias de Corumb\u00e1\" href=\"https:\/\/midiamax.uol.com.br\/municipios\/corumba\/\" rel=\"tag\">Corumb\u00e1<\/a>, Nioaque, Anauril\u00e2ndia, <a class=\"st_tag internal_tag \" title=\"\u00daltimas Not\u00edcias de Ribas do Rio Pardo\" href=\"https:\/\/midiamax.uol.com.br\/municipios\/ribas-do-rio-pardo\/\" rel=\"tag\">Ribas do Rio Pardo<\/a>, entre outras.<\/p>\n<h2 id=\"h-animais-devem-ser-descartados-corretamente-para-evitar-doencas\" class=\"wp-block-heading\">Animais devem ser descartados corretamente para evitar doen\u00e7as<\/h2>\n<p>A nota t\u00e9cnica emitida pela Iagro orienta os produtores sobre como devem proceder em rela\u00e7\u00e3o ao descarte dos animais. Existem v\u00e1rias t\u00e9cnicas recomendadas para o descarte correto das carca\u00e7as dos animais, sendo que enterr\u00e1-los \u00e9 a mais praticada pelos produtores.<\/p>\n<p>A t\u00e9cnica de enterro possui varia\u00e7\u00f5es, no geral \u00e9 cavada uma cova de 1 a 1,2 metro de profundidade, sendo que a largura e o comprimento devem ser adequados ao tamanho e ao total de animais mortos. \u00c9 necess\u00e1rio evitar enterrar animais onde o len\u00e7ol fre\u00e1tico \u00e9 pr\u00f3ximo da superf\u00edcie e manter uma dist\u00e2ncia m\u00ednima de 150 metros de fontes de \u00e1guas. N\u00e3o se deve enterrar em locais com tend\u00eancia a inunda\u00e7\u00f5es ou \u00e0 eros\u00e3o.<\/p>\n<p>Em caso de d\u00favidas ou necessidade de orienta\u00e7\u00e3o adicional, entre em contato conosco em um de nossos escrit\u00f3rio, atrav\u00e9s do e-mail notifica@iagro.ms.gov.br ou do WhatsApp notifica IAGRO (67)99961-9205.<\/p>\n<p>Midiamax<\/p>\n<\/div>\n<\/div>\n","protected":false},"excerpt":{"rendered":"<p>Chegou a 2.725 o n\u00famero de bovinos mortos em decorr\u00eancia do frio, em propriedades de Mato Grosso do Sul. A informa\u00e7\u00e3o \u00e9 da Iagro\/MS (Ag\u00eancia Estadual de Defesa Sanit\u00e1ria Animal e Vegetal), que orienta aos produtores que perderam animais a procurar o \u00f3rg\u00e3o com urg\u00eancia. Nota t\u00e9cnica emitida nesta ter\u00e7a-feira (20) pela Iagro, explica que [&hellip;]<\/p>\n","protected":false},"author":4,"featured_media":243123,"comment_status":"closed","ping_status":"closed","sticky":false,"template":"","format":"standard","meta":{"footnotes":""},"categories":[17],"tags":[],"class_list":["post-243121","post","type-post","status-publish","format-standard","has-post-thumbnail","hentry","category-agropecuaria"],"_links":{"self":[{"href":"https:\/\/www.ocorreionews.com.br\/acervo-correio\/index.php?rest_route=\/wp\/v2\/posts\/243121","targetHints":{"allow":["GET"]}}],"collection":[{"href":"https:\/\/www.ocorreionews.com.br\/acervo-correio\/index.php?rest_route=\/wp\/v2\/posts"}],"about":[{"href":"https:\/\/www.ocorreionews.com.br\/acervo-correio\/index.php?rest_route=\/wp\/v2\/types\/post"}],"author":[{"embeddable":true,"href":"https:\/\/www.ocorreionews.com.br\/acervo-correio\/index.php?rest_route=\/wp\/v2\/users\/4"}],"replies":[{"embeddable":true,"href":"https:\/\/www.ocorreionews.com.br\/acervo-correio\/index.php?rest_route=%2Fwp%2Fv2%2Fcomments&post=243121"}],"version-history":[{"count":1,"href":"https:\/\/www.ocorreionews.com.br\/acervo-correio\/index.php?rest_route=\/wp\/v2\/posts\/243121\/revisions"}],"predecessor-version":[{"id":243124,"href":"https:\/\/www.ocorreionews.com.br\/acervo-correio\/index.php?rest_route=\/wp\/v2\/posts\/243121\/revisions\/243124"}],"wp:featuredmedia":[{"embeddable":true,"href":"https:\/\/www.ocorreionews.com.br\/acervo-correio\/index.php?rest_route=\/wp\/v2\/media\/243123"}],"wp:attachment":[{"href":"https:\/\/www.ocorreionews.com.br\/acervo-correio\/index.php?rest_route=%2Fwp%2Fv2%2Fmedia&parent=243121"}],"wp:term":[{"taxonomy":"category","embeddable":true,"href":"https:\/\/www.ocorreionews.com.br\/acervo-correio\/index.php?rest_route=%2Fwp%2Fv2%2Fcategories&post=243121"},{"taxonomy":"post_tag","embeddable":true,"href":"https:\/\/www.ocorreionews.com.br\/acervo-correio\/index.php?rest_route=%2Fwp%2Fv2%2Ftags&post=243121"}],"curies":[{"name":"wp","href":"https:\/\/api.w.org\/{rel}","templated":true}]}}