{"id":243122,"date":"2023-06-21T07:47:18","date_gmt":"2023-06-21T11:47:18","guid":{"rendered":"https:\/\/www.ocorreionews.com.br\/acervo-correio\/?p=243122"},"modified":"2023-06-21T07:47:18","modified_gmt":"2023-06-21T11:47:18","slug":"vereadores-de-paraiso-buscam-regularizam-fundiaria-dos-lotes-do-assentamento-mateira","status":"publish","type":"post","link":"https:\/\/www.ocorreionews.com.br\/acervo-correio\/?p=243122","title":{"rendered":"Vereadores de Para\u00edso buscam regularizam fundi\u00e1ria dos lotes do Assentamento Mateira"},"content":{"rendered":"<p>os vereadores Edson da Oficina(PP), Tuta (PSDB), Prof. Leonardo (PP) e Carrerinha (Uni\u00e3o) estiveram reunidos com o superintendente do Incra\/MS(Instituto Nacional de Coloniza\u00e7\u00e3o e Reforma Agr\u00e1ria), Paulo Roberto da Silva, onde protocolaram pessoalmente o of\u00edcio assinado por todos os vereadores de Para\u00edso das \u00c1guas, solicitando a regulariza\u00e7\u00e3o fundi\u00e1ria aos propriet\u00e1rios dos 151 lotes do Assentamento Mateira.<\/p>\n<p>Esta \u00e9 uma luta que persiste h\u00e1 anos e tramita no \u00f3rg\u00e3o. &#8220;Agendei esta reuni\u00e3o junto ao Incra com os vereadores, onde de imediato j\u00e1 quero agradecer a aten\u00e7\u00e3o dispensada pelo superintendente Paulo Roberto, que nos atendeu com muita cordialidade, se colocando a disposi\u00e7\u00e3o em criar meios que possam atender nosso pedido. Um sonho de todos os assentados&#8221; disse o vereador Tuta, que tamb\u00e9m \u00e9 um dos assentados.<\/p>\n<p><span style=\"color: #202124; font-family: Google Sans, Roboto-Medium, HelveticaNeue-Medium, Helvetica Neue, sans-serif-medium, Arial, sans-serif;\">Estivemos na Sede do Incra em Campo Grande, com o superintendente, Sr. Paulo Roberto da Silva e Gestora de projetos, Sra. Marina onde na ocasi\u00e3o protocolamos um of\u00edcio solicitando a regulariza\u00e7\u00e3o fundi\u00e1ria dos propriet\u00e1rios dos lotes do Assentamento Mateira.<\/span><\/p>\n<p><a href=\"https:\/\/www.ocorreionews.com.br\/acervo-correio\/wp-content\/uploads\/2023\/06\/vereadores-no-INCRA2.jpg\"><img loading=\"lazy\" decoding=\"async\" class=\"alignnone size-full wp-image-243126\" src=\"https:\/\/www.ocorreionews.com.br\/acervo-correio\/wp-content\/uploads\/2023\/06\/vereadores-no-INCRA2.jpg\" alt=\"\" width=\"700\" height=\"525\" srcset=\"https:\/\/www.ocorreionews.com.br\/acervo-correio\/wp-content\/uploads\/2023\/06\/vereadores-no-INCRA2.jpg 700w, https:\/\/www.ocorreionews.com.br\/acervo-correio\/wp-content\/uploads\/2023\/06\/vereadores-no-INCRA2-300x225.jpg 300w, https:\/\/www.ocorreionews.com.br\/acervo-correio\/wp-content\/uploads\/2023\/06\/vereadores-no-INCRA2-86x64.jpg 86w\" sizes=\"auto, (max-width: 700px) 100vw, 700px\" \/><\/a><\/p>\n<p><span style=\"color: #202124; font-family: Google Sans, Roboto-Medium, HelveticaNeue-Medium, Helvetica Neue, sans-serif-medium, Arial, sans-serif;\">Para o vereador Carrerinha, o assentado receber sua escritura \u00e9 um direito. &#8220;\u00c9 um direito de cada assentado que al\u00ed plantou seu sonho e que est\u00e1 fazendo desenvolver o assentamento&#8221;, afirmou.<\/span><\/p>\n<p><span style=\"color: #202124; font-family: Google Sans, Roboto-Medium, HelveticaNeue-Medium, Helvetica Neue, sans-serif-medium, Arial, sans-serif;\">A ideia \u00e9 firmar uma parceria entre Incra e o Munic\u00edpio para criar um n\u00facleo de atendimento aos assentados.<\/span><\/p>\n<p><span style=\"color: #202124; font-family: Google Sans, Roboto-Medium, HelveticaNeue-Medium, Helvetica Neue, sans-serif-medium, Arial, sans-serif;\">&#8220;Segundo o Superintendente, a id\u00e9ia e fazer um termo de coopera\u00e7\u00e3o entre o INCRA e a Prefeitura para criar um n\u00facleo de atendimento aos assentados e dar continuidade e a resolu\u00e7\u00e3o das pend\u00eancias documentais para a regulariza\u00e7\u00e3o dos lotes e posterior titulariza\u00e7\u00e3o&#8221;, destacou o vereador Prof. Leonardo.<\/span><\/p>\n<p><span style=\"color: #202124; font-family: Google Sans, Roboto-Medium, HelveticaNeue-Medium, Helvetica Neue, sans-serif-medium, Arial, sans-serif;\">Para o presidente do Legislativo Municipal, vereador Edson da Oficina, \u00e9 mais um passo importante que se d\u00e1: &#8220;hoje demos mais um passo importante nesta quest\u00e3o, em que \u00e9 um sonho daquelas fam\u00edlias em obter sua escritura definitiva, se sentirem realmente donos de suas propriedades&#8221;, enfatizou.<\/span><\/p>\n<p><img decoding=\"async\" src=\"https:\/\/www.bncnoticias.com.br\/arquivos\/img-uploads\/imagem_660.jpg\" \/><span style=\"color: #202124; font-family: Google Sans, Roboto-Medium, HelveticaNeue-Medium, Helvetica Neue, sans-serif-medium, Arial, sans-serif;\"><br \/>\n<\/span><\/p>\n<p><span style=\"color: #202124; font-family: Google Sans, Roboto-Medium, HelveticaNeue-Medium, Helvetica Neue, sans-serif-medium, Arial, sans-serif;\">BNC noticias<br \/>\n<\/span><\/p>\n","protected":false},"excerpt":{"rendered":"<p>os vereadores Edson da Oficina(PP), Tuta (PSDB), Prof. Leonardo (PP) e Carrerinha (Uni\u00e3o) estiveram reunidos com o superintendente do Incra\/MS(Instituto Nacional de Coloniza\u00e7\u00e3o e Reforma Agr\u00e1ria), Paulo Roberto da Silva, onde protocolaram pessoalmente o of\u00edcio assinado por todos os vereadores de Para\u00edso das \u00c1guas, solicitando a regulariza\u00e7\u00e3o fundi\u00e1ria aos propriet\u00e1rios dos 151 lotes do Assentamento [&hellip;]<\/p>\n","protected":false},"author":4,"featured_media":243125,"comment_status":"closed","ping_status":"closed","sticky":false,"template":"","format":"standard","meta":{"footnotes":""},"categories":[20,36],"tags":[],"class_list":["post-243122","post","type-post","status-publish","format-standard","has-post-thumbnail","hentry","category-camara-municipal","category-paraiso-das-aguas"],"_links":{"self":[{"href":"https:\/\/www.ocorreionews.com.br\/acervo-correio\/index.php?rest_route=\/wp\/v2\/posts\/243122","targetHints":{"allow":["GET"]}}],"collection":[{"href":"https:\/\/www.ocorreionews.com.br\/acervo-correio\/index.php?rest_route=\/wp\/v2\/posts"}],"about":[{"href":"https:\/\/www.ocorreionews.com.br\/acervo-correio\/index.php?rest_route=\/wp\/v2\/types\/post"}],"author":[{"embeddable":true,"href":"https:\/\/www.ocorreionews.com.br\/acervo-correio\/index.php?rest_route=\/wp\/v2\/users\/4"}],"replies":[{"embeddable":true,"href":"https:\/\/www.ocorreionews.com.br\/acervo-correio\/index.php?rest_route=%2Fwp%2Fv2%2Fcomments&post=243122"}],"version-history":[{"count":1,"href":"https:\/\/www.ocorreionews.com.br\/acervo-correio\/index.php?rest_route=\/wp\/v2\/posts\/243122\/revisions"}],"predecessor-version":[{"id":243127,"href":"https:\/\/www.ocorreionews.com.br\/acervo-correio\/index.php?rest_route=\/wp\/v2\/posts\/243122\/revisions\/243127"}],"wp:featuredmedia":[{"embeddable":true,"href":"https:\/\/www.ocorreionews.com.br\/acervo-correio\/index.php?rest_route=\/wp\/v2\/media\/243125"}],"wp:attachment":[{"href":"https:\/\/www.ocorreionews.com.br\/acervo-correio\/index.php?rest_route=%2Fwp%2Fv2%2Fmedia&parent=243122"}],"wp:term":[{"taxonomy":"category","embeddable":true,"href":"https:\/\/www.ocorreionews.com.br\/acervo-correio\/index.php?rest_route=%2Fwp%2Fv2%2Fcategories&post=243122"},{"taxonomy":"post_tag","embeddable":true,"href":"https:\/\/www.ocorreionews.com.br\/acervo-correio\/index.php?rest_route=%2Fwp%2Fv2%2Ftags&post=243122"}],"curies":[{"name":"wp","href":"https:\/\/api.w.org\/{rel}","templated":true}]}}