{"id":243135,"date":"2023-06-21T06:16:15","date_gmt":"2023-06-21T10:16:15","guid":{"rendered":"https:\/\/www.ocorreionews.com.br\/acervo-correio\/?p=243135"},"modified":"2023-06-21T08:25:35","modified_gmt":"2023-06-21T12:25:35","slug":"comunicado-da-sanesul-vai-faltar-agua-3","status":"publish","type":"post","link":"https:\/\/www.ocorreionews.com.br\/acervo-correio\/?p=243135","title":{"rendered":"Comunicado da Sanesul &#8211; Vai faltar \u00e1gua"},"content":{"rendered":"<div>Aten\u00e7\u00e3o Moradores, retificando a informa\u00e7\u00e3o:<\/div>\n<div><\/div>\n<div>Sanesul informa que poder\u00e1 haver intermit\u00eancia ou falta de \u00e1gua na cidade nos seguintes bairros: Centro, Esperan\u00e7a e Planalto.<\/p>\n<div><\/div>\n<div>In\u00edcio: 21\/06\/2023&#8230;&#8230;&#8230;&#8230;&#8230;&#8230;&#8230; 08:00<\/div>\n<\/div>\n<div>Previs\u00e3o de Retorno: 21\/06\/2023&#8230;&#8230;&#8230;&#8230;&#8230;&#8230;&#8230;&#8230; 09:00<\/div>\n<div>\n<div>\n<div>Motivo<\/div>\n<div>CONSERTO DE REDE<\/div>\n<div><\/div>\n<div>Ser\u00e1 feito todo o poss\u00edvel para minimizar o tempo deste servi\u00e7o.<\/div>\n<div><\/div>\n<div>A Sanesul refor\u00e7a a import\u00e2ncia de ter uma caixa d\u2019\u00e1gua no im\u00f3vel, ela garante o abastecimento cont\u00ednuo em caso de interrup\u00e7\u00e3o tempor\u00e1ria por raz\u00e3o de reparos emergenciais ou manuten\u00e7\u00e3o na rede de distribui\u00e7\u00e3o.<\/div>\n<div><\/div>\n<p>\u00c9 importante evitar o desperd\u00edcio de \u00e1gua no dia a dia. Desde j\u00e1, a Sanesul agradece a compreens\u00e3o de todos. Caso tenha alguma d\u00favida, por favor, entre em contato com o nosso SAC &#8211; Servi\u00e7o de Atendimento ao Consumidor 24 horas, gratuitamente, pelo telefone: 0800 067 6010.<\/p><\/div>\n<div id=\"x_x_Signature\">\n<div>\n<div><\/div>\n<div dir=\"ltr\"><\/div>\n<div dir=\"ltr\"><\/div>\n<div dir=\"ltr\">Atenciosamente,<\/div>\n<\/div>\n<\/div>\n<\/div>\n","protected":false},"excerpt":{"rendered":"<p>Aten\u00e7\u00e3o Moradores, retificando a informa\u00e7\u00e3o: Sanesul informa que poder\u00e1 haver intermit\u00eancia ou falta de \u00e1gua na cidade nos seguintes bairros: Centro, Esperan\u00e7a e Planalto. In\u00edcio: 21\/06\/2023&#8230;&#8230;&#8230;&#8230;&#8230;&#8230;&#8230; 08:00 Previs\u00e3o de Retorno: 21\/06\/2023&#8230;&#8230;&#8230;&#8230;&#8230;&#8230;&#8230;&#8230; 09:00 Motivo CONSERTO DE REDE Ser\u00e1 feito todo o poss\u00edvel para minimizar o tempo deste servi\u00e7o. A Sanesul refor\u00e7a a import\u00e2ncia de ter uma [&hellip;]<\/p>\n","protected":false},"author":4,"featured_media":100453,"comment_status":"closed","ping_status":"closed","sticky":false,"template":"","format":"standard","meta":{"footnotes":""},"categories":[23],"tags":[],"class_list":["post-243135","post","type-post","status-publish","format-standard","has-post-thumbnail","hentry","category-chapadao-do-sul"],"_links":{"self":[{"href":"https:\/\/www.ocorreionews.com.br\/acervo-correio\/index.php?rest_route=\/wp\/v2\/posts\/243135","targetHints":{"allow":["GET"]}}],"collection":[{"href":"https:\/\/www.ocorreionews.com.br\/acervo-correio\/index.php?rest_route=\/wp\/v2\/posts"}],"about":[{"href":"https:\/\/www.ocorreionews.com.br\/acervo-correio\/index.php?rest_route=\/wp\/v2\/types\/post"}],"author":[{"embeddable":true,"href":"https:\/\/www.ocorreionews.com.br\/acervo-correio\/index.php?rest_route=\/wp\/v2\/users\/4"}],"replies":[{"embeddable":true,"href":"https:\/\/www.ocorreionews.com.br\/acervo-correio\/index.php?rest_route=%2Fwp%2Fv2%2Fcomments&post=243135"}],"version-history":[{"count":1,"href":"https:\/\/www.ocorreionews.com.br\/acervo-correio\/index.php?rest_route=\/wp\/v2\/posts\/243135\/revisions"}],"predecessor-version":[{"id":243141,"href":"https:\/\/www.ocorreionews.com.br\/acervo-correio\/index.php?rest_route=\/wp\/v2\/posts\/243135\/revisions\/243141"}],"wp:featuredmedia":[{"embeddable":true,"href":"https:\/\/www.ocorreionews.com.br\/acervo-correio\/index.php?rest_route=\/wp\/v2\/media\/100453"}],"wp:attachment":[{"href":"https:\/\/www.ocorreionews.com.br\/acervo-correio\/index.php?rest_route=%2Fwp%2Fv2%2Fmedia&parent=243135"}],"wp:term":[{"taxonomy":"category","embeddable":true,"href":"https:\/\/www.ocorreionews.com.br\/acervo-correio\/index.php?rest_route=%2Fwp%2Fv2%2Fcategories&post=243135"},{"taxonomy":"post_tag","embeddable":true,"href":"https:\/\/www.ocorreionews.com.br\/acervo-correio\/index.php?rest_route=%2Fwp%2Fv2%2Ftags&post=243135"}],"curies":[{"name":"wp","href":"https:\/\/api.w.org\/{rel}","templated":true}]}}