{"id":243145,"date":"2023-06-21T08:35:40","date_gmt":"2023-06-21T12:35:40","guid":{"rendered":"https:\/\/www.ocorreionews.com.br\/acervo-correio\/?p=243145"},"modified":"2023-06-21T08:35:40","modified_gmt":"2023-06-21T12:35:40","slug":"sera-o-maior-plano-safra-da-historia-diz-ministro-de-lula-na-fpa","status":"publish","type":"post","link":"https:\/\/www.ocorreionews.com.br\/acervo-correio\/?p=243145","title":{"rendered":"Ser\u00e1 o maior Plano Safra da hist\u00f3ria, diz ministro de Lula na FPA"},"content":{"rendered":"<p>O\u00a0 <strong>ministro da Agricultura, Carlos F\u00e1varo<\/strong>, revelou que o <strong>Plano Safra 2023\/24<\/strong> ser\u00e1 divulgado na pr\u00f3xima ter\u00e7a-feira, dia 27 de junho.<\/p>\n<p>Al\u00e9m disso, o plano destinado \u00e0 Agricultura Familiar ser\u00e1 anunciado no dia seguinte, na quarta-feira (28).<\/p>\n<p>A decis\u00e3o de divulgar os planos em dias diferentes foi tomada com o intuito de refor\u00e7ar os perfis distintos dos minist\u00e9rios da Agricultura e Pecu\u00e1ria (Mapa); e do Desenvolvimento Agr\u00e1rio e Agricultura Familiar (MDA).<\/p>\n<p>F\u00e1varo destacou as dificuldades or\u00e7ament\u00e1rias enfrentadas para a equaliza\u00e7\u00e3o de juros, evidenciando um dos desafios a serem superados no atual contexto agr\u00edcola.<\/p>\n<p>A <strong>Frente Parlamentar da Agropecu\u00e1ria (FPA) <\/strong>recebeu, nesta ter\u00e7a-feira (20), o <strong>ministro do Desenvolvimento Agr\u00e1rio e Agricultura Familiar (MDA), Paulo Teixeira<\/strong>, para debater as prioridades do Plano Safra.<\/p>\n<div class=\"flex flex-grow flex-col gap-3\">\n<div class=\"flex flex-col items-start gap-4 whitespace-pre-wrap break-words\">\n<div class=\"markdown prose w-full break-words dark:prose-invert light\">\n<p>No encontro, Teixeira afirmou que este ser\u00e1 \u201co maior Plano Safra da hist\u00f3ria do Brasil\u201d.<\/p>\n<p>Al\u00e9m disso, o ministro tamb\u00e9m confirmou o relan\u00e7amento do <strong>Programa Mais Alimentos<\/strong>, que tem como objetivo estimular a fabrica\u00e7\u00e3o de m\u00e1quinas agr\u00edcolas de pequeno porte no pa\u00eds e facilitar o acesso dos agricultores familiares a esses equipamentos.<\/p>\n<p>Ele mencionou que o programa abranger\u00e1 n\u00e3o apenas m\u00e1quinas para produ\u00e7\u00e3o agr\u00edcola, mas tamb\u00e9m para agroind\u00fastria, bioinsumos e outras atividades relacionadas. Al\u00e9m disso, a expectativa em rela\u00e7\u00e3o aos valores envolvidos no Plano Safra \u00e9 grande.<\/p>\n<p>O <strong>presidente da FPA, deputado Pedro Lupion (PP-PR)<\/strong>, afirma que as prioridades foram apresentadas com a inten\u00e7\u00e3o de obter um montante suficiente para que o ano seja condizente com o poder do agro brasileiro.<\/p>\n<p>Segundo ele, \u201cprecisamos de um volume razo\u00e1vel para o seguro agr\u00edcola e buscar caminhos para a equaliza\u00e7\u00e3o nas quest\u00f5es de sustentabilidade. Se conseguirem um montante acima de R$ 25 bilh\u00f5es, \u00f3timo. Mas acredito que ser\u00e1 algo em torno de R$ 20 bilh\u00f5es\u201d.<\/p>\n<h2>Plano Safra verde<\/h2>\n<p>Al\u00e9m disso, a sustentabilidade tamb\u00e9m ser\u00e1 um dos pilares do Plano Safra, segundo o governo.<\/p>\n<div class=\"flex flex-grow flex-col gap-3\">\n<div class=\"min-h-[20px] flex flex-col items-start gap-4 whitespace-pre-wrap break-words\">\n<div class=\"markdown prose w-full break-words dark:prose-invert light\">\n<p>O ministro Paulo Teixeira afirmou que o governo recompensar\u00e1 os produtores que adotarem boas pr\u00e1ticas agr\u00edcolas com taxas de juros menores.<\/p>\n<\/div>\n<\/div>\n<\/div>\n<p>O objetivo \u00e9 premiar aqueles que contribuem para uma agricultura de baixo carbono e estimular a ado\u00e7\u00e3o de pr\u00e1ticas sustent\u00e1veis.<\/p>\n<p>Segundo o ministro, \u201co acordo \u00e9 que o Plano seja de baixo carbono e aproveite esse momento de transi\u00e7\u00e3o ambiental. Nada punitivo, mas sim de premia\u00e7\u00e3o para quem adotar boas pr\u00e1ticas ambientais. Ainda estamos amadurecendo, mas a ideia \u00e9 que o pr\u00eamio venha com taxas de juros menores\u201d.<\/p>\n<p>Sobre a quest\u00e3o da sustentabilidade dentro do Plano Safra, Lupion disse que a ideia \u201csoa como m\u00fasica aos ouvidos\u201d, j\u00e1 que se trata de pr\u00e1ticas rotineiras no setor agropecu\u00e1rio.<\/p>\n<p>\u201cSe isso ocorrer, ser\u00e1 maravilhoso. N\u00f3s j\u00e1 fazemos plantio direto, temos as \u00e1reas de reservas, as \u00e1reas de prote\u00e7\u00e3o, o Cadastro Ambiental Rural (CAR). O que \u00e9 necess\u00e1rio \u00e9 que haja recursos para preserva\u00e7\u00e3o\u201d, disse.<\/p>\n<h2>Juros<\/h2>\n<p>Para o ministro Paulo Teixeira, a diminui\u00e7\u00e3o dos juros por parte do Banco Central ser\u00e1 de fundamental import\u00e2ncia para angariar maiores recursos para o agro, mesmo ap\u00f3s o an\u00fancio da pr\u00f3xima semana.<\/p>\n<p>Ele explicou que \u201cse diminuir juros, a disponibilidade de recursos ser\u00e1 ainda maior do que o anunciado na pr\u00f3xima semana. Essa diminui\u00e7\u00e3o ser\u00e1 fundamental. Achamos justos que isso aconte\u00e7a. J\u00e1 existe um consenso com o Banco Central e vamos ter ainda mais recursos para a agricultura\u201d.<\/p>\n<h3>Reuni\u00e3o positiva<\/h3>\n<div class=\"flex flex-grow flex-col gap-3\">\n<div class=\"min-h-[20px] flex flex-col items-start gap-4 whitespace-pre-wrap break-words\">\n<div class=\"markdown prose w-full break-words dark:prose-invert light\">\n<p>O presidente da FPA afirma que os produtores e o setor agropecu\u00e1rio devem buscar as converg\u00eancias com o governo federal para o seu bem, sendo essencial o di\u00e1logo e a constru\u00e7\u00e3o de pontes. Como resultado, ocorrem os alinhamentos para o desenvolvimento do agro.<\/p>\n<p>Ele declarou: \u201cEstamos tratando de pontos em que podemos convergir. N\u00f3s e o governo temos interesse em um Plano Safra forte, que \u00e9 uma pol\u00edtica de Estado. Confesso que a presen\u00e7a do ministro foi positiva e a reuni\u00e3o foi respeitosa.\u201d<\/p>\n<p>Por Andressa Tolentino, de Bras\u00edlia (DF) canal rural<\/p>\n<\/div>\n<\/div>\n<\/div>\n<\/div>\n<\/div>\n<\/div>\n","protected":false},"excerpt":{"rendered":"<p>O\u00a0 ministro da Agricultura, Carlos F\u00e1varo, revelou que o Plano Safra 2023\/24 ser\u00e1 divulgado na pr\u00f3xima ter\u00e7a-feira, dia 27 de junho. Al\u00e9m disso, o plano destinado \u00e0 Agricultura Familiar ser\u00e1 anunciado no dia seguinte, na quarta-feira (28). A decis\u00e3o de divulgar os planos em dias diferentes foi tomada com o intuito de refor\u00e7ar os perfis [&hellip;]<\/p>\n","protected":false},"author":4,"featured_media":243146,"comment_status":"closed","ping_status":"closed","sticky":false,"template":"","format":"standard","meta":{"footnotes":""},"categories":[17],"tags":[],"class_list":["post-243145","post","type-post","status-publish","format-standard","has-post-thumbnail","hentry","category-agropecuaria"],"_links":{"self":[{"href":"https:\/\/www.ocorreionews.com.br\/acervo-correio\/index.php?rest_route=\/wp\/v2\/posts\/243145","targetHints":{"allow":["GET"]}}],"collection":[{"href":"https:\/\/www.ocorreionews.com.br\/acervo-correio\/index.php?rest_route=\/wp\/v2\/posts"}],"about":[{"href":"https:\/\/www.ocorreionews.com.br\/acervo-correio\/index.php?rest_route=\/wp\/v2\/types\/post"}],"author":[{"embeddable":true,"href":"https:\/\/www.ocorreionews.com.br\/acervo-correio\/index.php?rest_route=\/wp\/v2\/users\/4"}],"replies":[{"embeddable":true,"href":"https:\/\/www.ocorreionews.com.br\/acervo-correio\/index.php?rest_route=%2Fwp%2Fv2%2Fcomments&post=243145"}],"version-history":[{"count":1,"href":"https:\/\/www.ocorreionews.com.br\/acervo-correio\/index.php?rest_route=\/wp\/v2\/posts\/243145\/revisions"}],"predecessor-version":[{"id":243148,"href":"https:\/\/www.ocorreionews.com.br\/acervo-correio\/index.php?rest_route=\/wp\/v2\/posts\/243145\/revisions\/243148"}],"wp:featuredmedia":[{"embeddable":true,"href":"https:\/\/www.ocorreionews.com.br\/acervo-correio\/index.php?rest_route=\/wp\/v2\/media\/243146"}],"wp:attachment":[{"href":"https:\/\/www.ocorreionews.com.br\/acervo-correio\/index.php?rest_route=%2Fwp%2Fv2%2Fmedia&parent=243145"}],"wp:term":[{"taxonomy":"category","embeddable":true,"href":"https:\/\/www.ocorreionews.com.br\/acervo-correio\/index.php?rest_route=%2Fwp%2Fv2%2Fcategories&post=243145"},{"taxonomy":"post_tag","embeddable":true,"href":"https:\/\/www.ocorreionews.com.br\/acervo-correio\/index.php?rest_route=%2Fwp%2Fv2%2Ftags&post=243145"}],"curies":[{"name":"wp","href":"https:\/\/api.w.org\/{rel}","templated":true}]}}