{"id":243150,"date":"2023-06-21T08:49:39","date_gmt":"2023-06-21T12:49:39","guid":{"rendered":"https:\/\/www.ocorreionews.com.br\/acervo-correio\/?p=243150"},"modified":"2023-06-21T08:49:39","modified_gmt":"2023-06-21T12:49:39","slug":"autor-de-ataque-a-escola-no-parana-e-encontrado-morto-na-prisao","status":"publish","type":"post","link":"https:\/\/www.ocorreionews.com.br\/acervo-correio\/?p=243150","title":{"rendered":"Autor de ataque a escola no Paran\u00e1 \u00e9 encontrado morto na pris\u00e3o"},"content":{"rendered":"<p>A Secretaria da Seguran\u00e7a P\u00fablica do Paran\u00e1 (Sesp) informou nesta quarta-feira (21) que o autor dos disparos que causaram a morte de dois estudantes no Col\u00e9gio Estadual Professora Helena Kolody, no Paran\u00e1, foi encontrado morto na casa de cust\u00f3dia de Londrina.<\/p>\n<p>A causa da morte ainda n\u00e3o foi informada pela pol\u00edcia at\u00e9 o fechamento desta reportagem.<\/p>\n<p><b>O crime<\/b><\/p>\n<p>O homem, de 21 anos, foi preso na segunda-feira (19) ap\u00f3s efetuar um ataque que matou uma menina no local e causou a morte de outro estudante que havia sido internado em estado grave e teve a morte confirmada nesta ter\u00e7a-feira, 20.<\/p>\n<p>Segundo a Pol\u00edcia Militar (PM) o jovem estava na escola sob a alega\u00e7\u00e3o de buscar alguns documentos. O ataque resultou na morte da aluna Karoline Verri Alves, de 17 anos, atingida na cabe\u00e7a, assim como o namorado, Luan Augusto.<\/p>\n<p>O autor do ataque explicou durante depoimento que n\u00e3o conhecia nenhuma das duas v\u00edtimas. \u201cEle afirmou que n\u00e3o tinha qualquer v\u00ednculo com o casal, que n\u00e3o conhecia eles\u201d, afirmou o secret\u00e1rio de Seguran\u00e7a P\u00fablica do Paran\u00e1, Hudson Teixeira.<\/p>\n<p>Segundo Teixeira, o rapaz atirou no corredor do col\u00e9gio e foi at\u00e9 o local em que as v\u00edtimas participavam de uma aula de Educa\u00e7\u00e3o F\u00edsica.<\/p>\n<p>As autoridades do Paran\u00e1 ainda est\u00e3o investigando o caso para concluir os motivos por tr\u00e1s do ataque.<\/p>\n<p>Por <strong>Giovanna Mendon\u00e7a<\/strong> olhagoias<\/p>\n","protected":false},"excerpt":{"rendered":"<p>A Secretaria da Seguran\u00e7a P\u00fablica do Paran\u00e1 (Sesp) informou nesta quarta-feira (21) que o autor dos disparos que causaram a morte de dois estudantes no Col\u00e9gio Estadual Professora Helena Kolody, no Paran\u00e1, foi encontrado morto na casa de cust\u00f3dia de Londrina. A causa da morte ainda n\u00e3o foi informada pela pol\u00edcia at\u00e9 o fechamento desta [&hellip;]<\/p>\n","protected":false},"author":4,"featured_media":243151,"comment_status":"closed","ping_status":"closed","sticky":false,"template":"","format":"standard","meta":{"footnotes":""},"categories":[38],"tags":[],"class_list":["post-243150","post","type-post","status-publish","format-standard","has-post-thumbnail","hentry","category-policia"],"_links":{"self":[{"href":"https:\/\/www.ocorreionews.com.br\/acervo-correio\/index.php?rest_route=\/wp\/v2\/posts\/243150","targetHints":{"allow":["GET"]}}],"collection":[{"href":"https:\/\/www.ocorreionews.com.br\/acervo-correio\/index.php?rest_route=\/wp\/v2\/posts"}],"about":[{"href":"https:\/\/www.ocorreionews.com.br\/acervo-correio\/index.php?rest_route=\/wp\/v2\/types\/post"}],"author":[{"embeddable":true,"href":"https:\/\/www.ocorreionews.com.br\/acervo-correio\/index.php?rest_route=\/wp\/v2\/users\/4"}],"replies":[{"embeddable":true,"href":"https:\/\/www.ocorreionews.com.br\/acervo-correio\/index.php?rest_route=%2Fwp%2Fv2%2Fcomments&post=243150"}],"version-history":[{"count":1,"href":"https:\/\/www.ocorreionews.com.br\/acervo-correio\/index.php?rest_route=\/wp\/v2\/posts\/243150\/revisions"}],"predecessor-version":[{"id":243152,"href":"https:\/\/www.ocorreionews.com.br\/acervo-correio\/index.php?rest_route=\/wp\/v2\/posts\/243150\/revisions\/243152"}],"wp:featuredmedia":[{"embeddable":true,"href":"https:\/\/www.ocorreionews.com.br\/acervo-correio\/index.php?rest_route=\/wp\/v2\/media\/243151"}],"wp:attachment":[{"href":"https:\/\/www.ocorreionews.com.br\/acervo-correio\/index.php?rest_route=%2Fwp%2Fv2%2Fmedia&parent=243150"}],"wp:term":[{"taxonomy":"category","embeddable":true,"href":"https:\/\/www.ocorreionews.com.br\/acervo-correio\/index.php?rest_route=%2Fwp%2Fv2%2Fcategories&post=243150"},{"taxonomy":"post_tag","embeddable":true,"href":"https:\/\/www.ocorreionews.com.br\/acervo-correio\/index.php?rest_route=%2Fwp%2Fv2%2Ftags&post=243150"}],"curies":[{"name":"wp","href":"https:\/\/api.w.org\/{rel}","templated":true}]}}