{"id":243158,"date":"2023-06-21T09:49:52","date_gmt":"2023-06-21T13:49:52","guid":{"rendered":"https:\/\/www.ocorreionews.com.br\/acervo-correio\/?p=243158"},"modified":"2023-06-21T09:49:52","modified_gmt":"2023-06-21T13:49:52","slug":"zoneamento-agricola-do-algodao-comeca-a-valer-dia-3-de-julho-para-ms","status":"publish","type":"post","link":"https:\/\/www.ocorreionews.com.br\/acervo-correio\/?p=243158","title":{"rendered":"Zoneamento agr\u00edcola do algod\u00e3o come\u00e7a a valer dia 3 de julho para MS"},"content":{"rendered":"<p>A partir do dia 3 de julho come\u00e7a a valer o Zarc (Zoneamento Agr\u00edcola de Risco Clim\u00e1tico) para a cultura do algod\u00e3o herb\u00e1ceo. O zoneamento tem vig\u00eancia para o ano-safra 23\/24 e valer\u00e1 para a cultura nos estados de Mato Grosso do Sul, Goi\u00e1s, Mato Grosso, Bahia, Maranh\u00e3o, Piau\u00ed, Acre, Rond\u00f4nia, Tocantins, Esp\u00edrito Santo, Minas Gerais, Rio de Janeiro, S\u00e3o Paulo, Paran\u00e1, Rio Grande do Sul e Santa Catarina e no Distrito Federal.<\/p>\n<p>O objetivo do zoneamento agr\u00edcola \u00e9 identificar os munic\u00edpios aptos e os per\u00edodos de semeadura com menor risco clim\u00e1tico, em tr\u00eas n\u00edveis de risco: 20%, 30% e 40%, para o cultivo do algod\u00e3o herb\u00e1ceo nos estados.<\/p>\n<p><strong>Algod\u00e3o em MS<\/strong><\/p>\n<p>Segundo a Ampasul (Associa\u00e7\u00e3o dos Produtores de Algod\u00e3o de Mato Grosso do Sul), o Estado plantou 29,6 mil hectares de algod\u00e3o na safra 2022-2023. A produ\u00e7\u00e3o de algod\u00e3o est\u00e1 localizada nos munic\u00edpios de Costa Rica, Chapad\u00e3o do Sul, Campo Grande, Nova Andradina, Para\u00edso das \u00c1guas, Alcin\u00f3polis, Maracaju, Aral Moreira e Bandeirantes.<\/p>\n<p>Os agricultores que seguem as recomenda\u00e7\u00f5es do Zarc est\u00e3o menos sujeitos aos riscos clim\u00e1ticos e ainda poder\u00e3o ser beneficiados pelo Proagro (Programa de Garantia da Atividade Agropecu\u00e1ria) e pelo Programa de Subven\u00e7\u00e3o ao Pr\u00eamio do Seguro Rural. Muitos agentes financeiros s\u00f3 liberam o cr\u00e9dito rural para cultivos em \u00e1reas zoneadas.<\/p>\n<p><strong>Cultura<\/strong><\/p>\n<p>O algod\u00e3o (Gossypium hirsutun L. r latifolium Hutch) necessita de condi\u00e7\u00f5es adequadas de temperatura, umidade do solo e luminosidade para seu crescimento, desenvolvimento e boa produtividade.<\/p>\n<p>Dependendo do clima e da dura\u00e7\u00e3o do ciclo, o algodoeiro necessita de 700 mm a 1.300 mm de chuvas para seu bom desenvolvimento, sendo que 50% a 60% de suas necessidades h\u00eddricas ocorrem no per\u00edodo de flora\u00e7\u00e3o e forma\u00e7\u00e3o do capulho.<\/p>\n<p>A falta d&#8217;\u00e1gua e o excesso de umidade no per\u00edodo compreendido entre 60 e 100 dias ap\u00f3s a emerg\u00eancia podem induzir a queda das estruturas frut\u00edferas e comprometer a produ\u00e7\u00e3o, pois aproximadamente 80% das estruturas respons\u00e1veis pela produ\u00e7\u00e3o do algodoeiro s\u00e3o emitidas neste per\u00edodo.<\/p>\n<p><strong>Para que serve o Zarc<\/strong><\/p>\n<p>O zoneamento tem o objetivo de reduzir os riscos relacionados aos problemas clim\u00e1ticos e permite ao produtor identificar a melhor \u00e9poca para plantar, levando em conta a regi\u00e3o do pa\u00eds, a cultura e os diferentes tipos de solos.<\/p>\n<p>O modelo agrometeorol\u00f3gico considera elementos que influenciam diretamente no desenvolvimento da produ\u00e7\u00e3o agr\u00edcola como temperatura, chuvas, umidade relativa do ar, ocorr\u00eancia de geadas, \u00e1gua dispon\u00edvel nos solos, demanda h\u00eddrica das culturas e elementos geogr\u00e1ficos (altitude, latitude e longitude).<\/p>\n<p>Clique <a href=\"https:\/\/www.in.gov.br\/en\/web\/dou\/-\/portaria-spa\/mapa-n-256-de-5-de-junho-de-2023-488471628\"><strong>AQUI<\/strong><\/a> e leia a portaria do Minist\u00e9rio da Agricultura na \u00edntegra.<\/p>\n<p>&nbsp;<\/p>\n<p>&nbsp;<\/p>\n<p>Campo Grande News * Com informa\u00e7\u00f5es do Mapa e da Ampasul.<\/p>\n","protected":false},"excerpt":{"rendered":"<p>A partir do dia 3 de julho come\u00e7a a valer o Zarc (Zoneamento Agr\u00edcola de Risco Clim\u00e1tico) para a cultura do algod\u00e3o herb\u00e1ceo. O zoneamento tem vig\u00eancia para o ano-safra 23\/24 e valer\u00e1 para a cultura nos estados de Mato Grosso do Sul, Goi\u00e1s, Mato Grosso, Bahia, Maranh\u00e3o, Piau\u00ed, Acre, Rond\u00f4nia, Tocantins, Esp\u00edrito Santo, Minas [&hellip;]<\/p>\n","protected":false},"author":5,"featured_media":118442,"comment_status":"closed","ping_status":"closed","sticky":false,"template":"","format":"standard","meta":{"footnotes":""},"categories":[31],"tags":[],"class_list":["post-243158","post","type-post","status-publish","format-standard","has-post-thumbnail","hentry","category-geral"],"_links":{"self":[{"href":"https:\/\/www.ocorreionews.com.br\/acervo-correio\/index.php?rest_route=\/wp\/v2\/posts\/243158","targetHints":{"allow":["GET"]}}],"collection":[{"href":"https:\/\/www.ocorreionews.com.br\/acervo-correio\/index.php?rest_route=\/wp\/v2\/posts"}],"about":[{"href":"https:\/\/www.ocorreionews.com.br\/acervo-correio\/index.php?rest_route=\/wp\/v2\/types\/post"}],"author":[{"embeddable":true,"href":"https:\/\/www.ocorreionews.com.br\/acervo-correio\/index.php?rest_route=\/wp\/v2\/users\/5"}],"replies":[{"embeddable":true,"href":"https:\/\/www.ocorreionews.com.br\/acervo-correio\/index.php?rest_route=%2Fwp%2Fv2%2Fcomments&post=243158"}],"version-history":[{"count":1,"href":"https:\/\/www.ocorreionews.com.br\/acervo-correio\/index.php?rest_route=\/wp\/v2\/posts\/243158\/revisions"}],"predecessor-version":[{"id":243172,"href":"https:\/\/www.ocorreionews.com.br\/acervo-correio\/index.php?rest_route=\/wp\/v2\/posts\/243158\/revisions\/243172"}],"wp:featuredmedia":[{"embeddable":true,"href":"https:\/\/www.ocorreionews.com.br\/acervo-correio\/index.php?rest_route=\/wp\/v2\/media\/118442"}],"wp:attachment":[{"href":"https:\/\/www.ocorreionews.com.br\/acervo-correio\/index.php?rest_route=%2Fwp%2Fv2%2Fmedia&parent=243158"}],"wp:term":[{"taxonomy":"category","embeddable":true,"href":"https:\/\/www.ocorreionews.com.br\/acervo-correio\/index.php?rest_route=%2Fwp%2Fv2%2Fcategories&post=243158"},{"taxonomy":"post_tag","embeddable":true,"href":"https:\/\/www.ocorreionews.com.br\/acervo-correio\/index.php?rest_route=%2Fwp%2Fv2%2Ftags&post=243158"}],"curies":[{"name":"wp","href":"https:\/\/api.w.org\/{rel}","templated":true}]}}