{"id":243163,"date":"2023-06-21T09:33:56","date_gmt":"2023-06-21T13:33:56","guid":{"rendered":"https:\/\/www.ocorreionews.com.br\/acervo-correio\/?p=243163"},"modified":"2023-06-21T09:33:56","modified_gmt":"2023-06-21T13:33:56","slug":"prefeito-juvenal-confere-obras-da-ponte-sobre-o-corrego-piraputanga","status":"publish","type":"post","link":"https:\/\/www.ocorreionews.com.br\/acervo-correio\/?p=243163","title":{"rendered":"Prefeito Juvenal confere obras da ponte sobre o C\u00f3rrego Piraputanga"},"content":{"rendered":"<p>O Prefeito Juvenal Consolaro, acompanhado do vice-prefeito Jorge Mortari, secret\u00e1rio municipal de Infraestrutura e Servi\u00e7os P\u00fablicos Denivan Barbosa e vereador Abadio Rocha, estiveram nesta tarde (20\/06), visitando a zona rural para acompanhar a obra de reforma da ponte de madeira em vigamento simples sobre o C\u00f3rrego Piraputanga, por onde transita o transporte escolar e outras demandas das fazendas<\/p>\n<p><a href=\"https:\/\/www.ocorreionews.com.br\/acervo-correio\/wp-content\/uploads\/2023\/06\/ponte-piraputanga2.jpg\"><img loading=\"lazy\" decoding=\"async\" class=\"alignnone size-full wp-image-243165\" src=\"https:\/\/www.ocorreionews.com.br\/acervo-correio\/wp-content\/uploads\/2023\/06\/ponte-piraputanga2.jpg\" alt=\"\" width=\"1599\" height=\"1200\" srcset=\"https:\/\/www.ocorreionews.com.br\/acervo-correio\/wp-content\/uploads\/2023\/06\/ponte-piraputanga2.jpg 1599w, https:\/\/www.ocorreionews.com.br\/acervo-correio\/wp-content\/uploads\/2023\/06\/ponte-piraputanga2-300x225.jpg 300w, https:\/\/www.ocorreionews.com.br\/acervo-correio\/wp-content\/uploads\/2023\/06\/ponte-piraputanga2-1024x768.jpg 1024w, https:\/\/www.ocorreionews.com.br\/acervo-correio\/wp-content\/uploads\/2023\/06\/ponte-piraputanga2-768x576.jpg 768w, https:\/\/www.ocorreionews.com.br\/acervo-correio\/wp-content\/uploads\/2023\/06\/ponte-piraputanga2-1536x1153.jpg 1536w, https:\/\/www.ocorreionews.com.br\/acervo-correio\/wp-content\/uploads\/2023\/06\/ponte-piraputanga2-86x64.jpg 86w\" sizes=\"auto, (max-width: 1599px) 100vw, 1599px\" \/><\/a><\/p>\n<p>A ponte, de 18m, est\u00e1 sendo reformada com recurso federal, atrav\u00e9s de emenda do Senador Nelsinho Trad, no valor de R$230.374,61, saldo remanescente de emenda de 700 mil reais destinada pelo senador ao munic\u00edpio para investimento em obras.<\/p>\n<p>\u201cO senador Nelsinho Trad deu de presente para o munic\u00edpio de Figueir\u00e3o uma emenda de R$ 700 mil. J\u00e1 usamos a outra parte na reforma da ponte de madeira, pr\u00f3ximo a Fazenda Padroeira e Terra Nova, sobre o c\u00f3rrego Caracol. A ponte tem 12 metros de comprimento e capacidade de 15 toneladas. E em outras obras de infraestrutura.<\/p>\n<p>\u201cAgrade\u00e7o ao senador Nelsinho Trad, que est\u00e1 sempre presente investindo nas obras com emendas para o munic\u00edpio de Figueir\u00e3o\u201d, disse o prefeito.<\/p>\n<p>#infraestrutura # reformaponte<\/p>\n<p>Fonte\/Fotos: PMFigueir\u00e3o \u2013 Rubem Vasconcellos<\/p>\n","protected":false},"excerpt":{"rendered":"<p>O Prefeito Juvenal Consolaro, acompanhado do vice-prefeito Jorge Mortari, secret\u00e1rio municipal de Infraestrutura e Servi\u00e7os P\u00fablicos Denivan Barbosa e vereador Abadio Rocha, estiveram nesta tarde (20\/06), visitando a zona rural para acompanhar a obra de reforma da ponte de madeira em vigamento simples sobre o C\u00f3rrego Piraputanga, por onde transita o transporte escolar e outras [&hellip;]<\/p>\n","protected":false},"author":4,"featured_media":243164,"comment_status":"closed","ping_status":"closed","sticky":false,"template":"","format":"standard","meta":{"footnotes":""},"categories":[30],"tags":[],"class_list":["post-243163","post","type-post","status-publish","format-standard","has-post-thumbnail","hentry","category-figueirao"],"_links":{"self":[{"href":"https:\/\/www.ocorreionews.com.br\/acervo-correio\/index.php?rest_route=\/wp\/v2\/posts\/243163","targetHints":{"allow":["GET"]}}],"collection":[{"href":"https:\/\/www.ocorreionews.com.br\/acervo-correio\/index.php?rest_route=\/wp\/v2\/posts"}],"about":[{"href":"https:\/\/www.ocorreionews.com.br\/acervo-correio\/index.php?rest_route=\/wp\/v2\/types\/post"}],"author":[{"embeddable":true,"href":"https:\/\/www.ocorreionews.com.br\/acervo-correio\/index.php?rest_route=\/wp\/v2\/users\/4"}],"replies":[{"embeddable":true,"href":"https:\/\/www.ocorreionews.com.br\/acervo-correio\/index.php?rest_route=%2Fwp%2Fv2%2Fcomments&post=243163"}],"version-history":[{"count":1,"href":"https:\/\/www.ocorreionews.com.br\/acervo-correio\/index.php?rest_route=\/wp\/v2\/posts\/243163\/revisions"}],"predecessor-version":[{"id":243166,"href":"https:\/\/www.ocorreionews.com.br\/acervo-correio\/index.php?rest_route=\/wp\/v2\/posts\/243163\/revisions\/243166"}],"wp:featuredmedia":[{"embeddable":true,"href":"https:\/\/www.ocorreionews.com.br\/acervo-correio\/index.php?rest_route=\/wp\/v2\/media\/243164"}],"wp:attachment":[{"href":"https:\/\/www.ocorreionews.com.br\/acervo-correio\/index.php?rest_route=%2Fwp%2Fv2%2Fmedia&parent=243163"}],"wp:term":[{"taxonomy":"category","embeddable":true,"href":"https:\/\/www.ocorreionews.com.br\/acervo-correio\/index.php?rest_route=%2Fwp%2Fv2%2Fcategories&post=243163"},{"taxonomy":"post_tag","embeddable":true,"href":"https:\/\/www.ocorreionews.com.br\/acervo-correio\/index.php?rest_route=%2Fwp%2Fv2%2Ftags&post=243163"}],"curies":[{"name":"wp","href":"https:\/\/api.w.org\/{rel}","templated":true}]}}