{"id":243167,"date":"2023-06-21T09:41:59","date_gmt":"2023-06-21T13:41:59","guid":{"rendered":"https:\/\/www.ocorreionews.com.br\/acervo-correio\/?p=243167"},"modified":"2023-06-21T09:41:59","modified_gmt":"2023-06-21T13:41:59","slug":"chapadao-do-ceu-sera-palco-neste-final-de-semana-campeonato-mtm-estadual-e-brasileiro","status":"publish","type":"post","link":"https:\/\/www.ocorreionews.com.br\/acervo-correio\/?p=243167","title":{"rendered":"Chapad\u00e3o do C\u00e9u ser\u00e1 palco neste final de semana Campeonato MTM Estadual e Brasileiro"},"content":{"rendered":"<p>Prepare-se para viver momentos eletrizantes no Campeonato MTM Estadual e Brasileiro, que acontecer\u00e1 nos dias 24 e 25 de junho. Ser\u00e3o dois dias de pura adrenalina e divers\u00e3o para os amantes de som automotivo.<\/p>\n<p>No dia 24\/06, a partir das 21h, a Carreta TREME TREME com DJ tomar\u00e1 conta do evento, agitando a noite com os melhores beats e batidas. Prepare-se para sentir a vibra\u00e7\u00e3o e curtir o som potente que far\u00e1 todos tremerem de emo\u00e7\u00e3o.<\/p>\n<p>\u00c9 importante ressaltar que no s\u00e1bado, dia 24\/06, n\u00e3o ser\u00e1 permitida a entrada de menores de idade, nem mesmo acompanhados por pais ou respons\u00e1veis. Essa medida visa garantir a seguran\u00e7a e o bem-estar de todos os participantes do evento.<\/p>\n<p>J\u00e1 no dia 25\/06, domingo, a divers\u00e3o continua no Parque Aqu\u00e1tico Lago das Gar\u00e7as, a partir das 9h. Ser\u00e1 um dia repleto de competi\u00e7\u00f5es, apresenta\u00e7\u00f5es e muita anima\u00e7\u00e3o. Prepare-se para testemunhar as habilidades dos competidores, que ir\u00e3o surpreender com seus sistemas de som automotivo de alta qualidade.<\/p>\n<p>E para tornar tudo ainda mais incr\u00edvel, teremos a presen\u00e7a da CARRETA TREME, o maior som automotivo do mundo! Voc\u00ea n\u00e3o pode perder a oportunidade de vivenciar essa experi\u00eancia \u00fanica e se encantar com a pot\u00eancia e qualidade sonora desse gigante sobre rodas.<\/p>\n<p>O evento \u00e9 uma realiza\u00e7\u00e3o da Prefeitura de Chapad\u00e3o do C\u00e9u, que se empenhou para proporcionar um espet\u00e1culo inesquec\u00edvel para os apaixonados por som automotivo. Prepare-se para se surpreender, vibrar e curtir momentos incr\u00edveis ao lado de amigos e familiares.<\/p>\n<p>N\u00e3o fique de fora desse evento imperd\u00edvel! Marque na sua agenda: dias 24 e 25 de junho, no Parque Aqu\u00e1tico Lago das Gar\u00e7as. Venha vivenciar o melhor do som automotivo e se encantar com a pot\u00eancia da CARRETA TREME. Prepare-se para uma experi\u00eancia sonora \u00fanica!<\/p>\n<p><strong>Servi\u00e7o:<\/strong><\/p>\n<ul>\n<li>Campeonato MTM Estadual e Brasileiro<\/li>\n<li>Data: 24 e 25 de junho<\/li>\n<li>Local: Parque Aqu\u00e1tico Lago das Gar\u00e7as<\/li>\n<li>Dia 24\/06: Carreta TREME TREME com DJ a partir das 21h (entrada permitida apenas para maiores de 18 anos)<\/li>\n<li>Dia 25\/06: Competi\u00e7\u00f5es e divers\u00e3o a partir das 9h<\/li>\n<li>Presen\u00e7a da CARRETA TREME, o maior som automotivo do mundo<\/li>\n<li>Realiza\u00e7\u00e3o: Prefeitura de Chapad\u00e3o do C\u00e9u<\/li>\n<\/ul>\n<p>N\u00e3o perca essa oportunidade \u00fanica de curtir o melhor do som automotivo e se divertir em grande estilo. Prepare-se para um evento que ficar\u00e1 marcado na hist\u00f3ria de Chapad\u00e3o do C\u00e9u!<\/p>\n<p>Assessoria MTM<\/p>\n","protected":false},"excerpt":{"rendered":"<p>Prepare-se para viver momentos eletrizantes no Campeonato MTM Estadual e Brasileiro, que acontecer\u00e1 nos dias 24 e 25 de junho. Ser\u00e3o dois dias de pura adrenalina e divers\u00e3o para os amantes de som automotivo. No dia 24\/06, a partir das 21h, a Carreta TREME TREME com DJ tomar\u00e1 conta do evento, agitando a noite com [&hellip;]<\/p>\n","protected":false},"author":4,"featured_media":243169,"comment_status":"closed","ping_status":"closed","sticky":false,"template":"","format":"standard","meta":{"footnotes":""},"categories":[22],"tags":[],"class_list":["post-243167","post","type-post","status-publish","format-standard","has-post-thumbnail","hentry","category-chapadao-do-ceu"],"_links":{"self":[{"href":"https:\/\/www.ocorreionews.com.br\/acervo-correio\/index.php?rest_route=\/wp\/v2\/posts\/243167","targetHints":{"allow":["GET"]}}],"collection":[{"href":"https:\/\/www.ocorreionews.com.br\/acervo-correio\/index.php?rest_route=\/wp\/v2\/posts"}],"about":[{"href":"https:\/\/www.ocorreionews.com.br\/acervo-correio\/index.php?rest_route=\/wp\/v2\/types\/post"}],"author":[{"embeddable":true,"href":"https:\/\/www.ocorreionews.com.br\/acervo-correio\/index.php?rest_route=\/wp\/v2\/users\/4"}],"replies":[{"embeddable":true,"href":"https:\/\/www.ocorreionews.com.br\/acervo-correio\/index.php?rest_route=%2Fwp%2Fv2%2Fcomments&post=243167"}],"version-history":[{"count":1,"href":"https:\/\/www.ocorreionews.com.br\/acervo-correio\/index.php?rest_route=\/wp\/v2\/posts\/243167\/revisions"}],"predecessor-version":[{"id":243170,"href":"https:\/\/www.ocorreionews.com.br\/acervo-correio\/index.php?rest_route=\/wp\/v2\/posts\/243167\/revisions\/243170"}],"wp:featuredmedia":[{"embeddable":true,"href":"https:\/\/www.ocorreionews.com.br\/acervo-correio\/index.php?rest_route=\/wp\/v2\/media\/243169"}],"wp:attachment":[{"href":"https:\/\/www.ocorreionews.com.br\/acervo-correio\/index.php?rest_route=%2Fwp%2Fv2%2Fmedia&parent=243167"}],"wp:term":[{"taxonomy":"category","embeddable":true,"href":"https:\/\/www.ocorreionews.com.br\/acervo-correio\/index.php?rest_route=%2Fwp%2Fv2%2Fcategories&post=243167"},{"taxonomy":"post_tag","embeddable":true,"href":"https:\/\/www.ocorreionews.com.br\/acervo-correio\/index.php?rest_route=%2Fwp%2Fv2%2Ftags&post=243167"}],"curies":[{"name":"wp","href":"https:\/\/api.w.org\/{rel}","templated":true}]}}