{"id":243174,"date":"2023-06-21T10:39:55","date_gmt":"2023-06-21T14:39:55","guid":{"rendered":"https:\/\/www.ocorreionews.com.br\/acervo-correio\/?p=243174"},"modified":"2023-06-21T10:51:20","modified_gmt":"2023-06-21T14:51:20","slug":"craques-do-real-madrid-militao-vini-jr-e-rodrygo-estarao-em-campo-grande-em-partida-solidaria-amigos-contra-fome","status":"publish","type":"post","link":"https:\/\/www.ocorreionews.com.br\/acervo-correio\/?p=243174","title":{"rendered":"Craques do Real Madrid, Milit\u00e3o, Vini Jr. e Rodrygo estar\u00e3o em Campo Grande em partida solid\u00e1ria \u201cAmigos Contra Fome\u201d"},"content":{"rendered":"<p>Zagueiro e lateral da Sele\u00e7\u00e3o Brasileira e Real Madrid, \u00c9der Milit\u00e3o reunir\u00e1 um time de craques para jogo beneficente em Campo Grande. O amistoso &#8220;Amigos Contra A Fome&#8221; ser\u00e1 disputado na pr\u00f3xima ter\u00e7a-feira (27), no Est\u00e1dio Moren\u00e3o.<\/p>\n<p>Os companheiros de Real Madrid e Sele\u00e7\u00e3o Brasileira, Vin\u00edcius Junior e Rodrygo, tamb\u00e9m marcar\u00e3o presen\u00e7a no evento. Outros nomes de destaque do futebol tamb\u00e9m foram convidados, assim como ex-atletas, celebridades da m\u00fasica, youtubers e artistas.<\/p>\n<p>De acordo com o organizador do evento, Fabiano Rodrigues, conhecido como Xax\u00e1, os detalhes da partida em prol da solidariedade foram acertados com o pai do pr\u00f3prio jogador. &#8220;O jogo \u00e9 100% beneficente e o Milit\u00e3o \u00e9 o anfitri\u00e3o. O pai dele realiza esses jogos e me procurou para organizar. Est\u00e1 tudo certo, temos at\u00e9 o v\u00eddeo dele convidando para a partida&#8221;, ressaltou Xax\u00e1.<\/p>\n<p>No v\u00eddeo, o jogador, que estava concentrado com a delega\u00e7\u00e3o da Sele\u00e7\u00e3o Brasileira na Europa, onde disputou dois amistosos, confirma a partida e convida os torcedores para o evento solid\u00e1rio.<\/p>\n<p>&#8220;Fala galera de Campo Grande, Mato Grosso do Sul, t\u00f4 passando para avisar todos voc\u00eas que estarei presente no dia 27 de junho no Est\u00e1dio Moren\u00e3o para o jogo beneficente. Conto com a presen\u00e7a de todos voc\u00eas. Grande abra\u00e7o&#8221;, refor\u00e7ou Milit\u00e3o em v\u00eddeo.<\/p>\n<div style=\"width: 240px;\" class=\"wp-video\"><!--[if lt IE 9]><script>document.createElement('video');<\/script><![endif]-->\n<video class=\"wp-video-shortcode\" id=\"video-243174-1\" width=\"240\" height=\"424\" preload=\"metadata\" controls=\"controls\"><source type=\"video\/mp4\" src=\"https:\/\/www.ocorreionews.com.br\/acervo-correio\/wp-content\/uploads\/2023\/06\/zagueiro_da_selecao_convocou_torcedores_para_o_confronto_beneficente-240p.mp4?_=1\" \/><a href=\"https:\/\/www.ocorreionews.com.br\/acervo-correio\/wp-content\/uploads\/2023\/06\/zagueiro_da_selecao_convocou_torcedores_para_o_confronto_beneficente-240p.mp4\">https:\/\/www.ocorreionews.com.br\/acervo-correio\/wp-content\/uploads\/2023\/06\/zagueiro_da_selecao_convocou_torcedores_para_o_confronto_beneficente-240p.mp4<\/a><\/video><\/div>\n<p>Sobre a escolha da Capital, o organizador revelou que inicialmente a partida seria disputada em Uberl\u00e2ndia, interior de Minas Gerais, mas ap\u00f3s alguns contratempos, o pai decidiu pela mudan\u00e7a de local. &#8220;O evento era pra ser em Uberl\u00e2ndia, mas o Valdo, pai do Milit\u00e3o, queria fazer Cuiab\u00e1 e Campo Grande. Ele procurou e como sou daqui resolvi organizar no Moren\u00e3o&#8221;, disse Xax\u00e1.<\/p>\n<p>Em rela\u00e7\u00e3o \u00e0s condi\u00e7\u00f5es do est\u00e1dio para a realiza\u00e7\u00e3o da partida, o organizador informou que est\u00e1 tudo praticamente certo em rela\u00e7\u00e3o aos laudos e licen\u00e7as. &#8220;H\u00e1 algumas semanas estamos trabalhando com as vistorias, como \u00e9 um jogo festivo, conseguimos as licen\u00e7as dos bombeiros e Minist\u00e9rio P\u00fablico&#8221;, garantiu.<\/p>\n<p>Em breve, ser\u00e3o divulgados detalhes para aquisi\u00e7\u00e3o de ingressos e hor\u00e1rio da partida, que dever\u00e1 ter transmiss\u00e3o ao vivo no canal SporTV.<\/p>\n<p><a href=\"https:\/\/www.ocorreionews.com.br\/acervo-correio\/wp-content\/uploads\/2023\/06\/amigos-contra-fome.jpeg\"><img loading=\"lazy\" decoding=\"async\" class=\"alignnone size-full wp-image-243178\" src=\"https:\/\/www.ocorreionews.com.br\/acervo-correio\/wp-content\/uploads\/2023\/06\/amigos-contra-fome.jpeg\" alt=\"\" width=\"720\" height=\"1280\" srcset=\"https:\/\/www.ocorreionews.com.br\/acervo-correio\/wp-content\/uploads\/2023\/06\/amigos-contra-fome.jpeg 720w, https:\/\/www.ocorreionews.com.br\/acervo-correio\/wp-content\/uploads\/2023\/06\/amigos-contra-fome-169x300.jpeg 169w, https:\/\/www.ocorreionews.com.br\/acervo-correio\/wp-content\/uploads\/2023\/06\/amigos-contra-fome-576x1024.jpeg 576w\" sizes=\"auto, (max-width: 720px) 100vw, 720px\" \/><\/a><\/p>\n<p>&nbsp;<\/p>\n<p>&nbsp;<\/p>\n<p>Fonte: Campo Grande News (Jhefferson Gamarra)<\/p>\n","protected":false},"excerpt":{"rendered":"<p>Zagueiro e lateral da Sele\u00e7\u00e3o Brasileira e Real Madrid, \u00c9der Milit\u00e3o reunir\u00e1 um time de craques para jogo beneficente em Campo Grande. O amistoso &#8220;Amigos Contra A Fome&#8221; ser\u00e1 disputado na pr\u00f3xima ter\u00e7a-feira (27), no Est\u00e1dio Moren\u00e3o. Os companheiros de Real Madrid e Sele\u00e7\u00e3o Brasileira, Vin\u00edcius Junior e Rodrygo, tamb\u00e9m marcar\u00e3o presen\u00e7a no evento. Outros [&hellip;]<\/p>\n","protected":false},"author":5,"featured_media":243177,"comment_status":"closed","ping_status":"closed","sticky":false,"template":"","format":"standard","meta":{"footnotes":""},"categories":[29],"tags":[],"class_list":["post-243174","post","type-post","status-publish","format-standard","has-post-thumbnail","hentry","category-esporte"],"_links":{"self":[{"href":"https:\/\/www.ocorreionews.com.br\/acervo-correio\/index.php?rest_route=\/wp\/v2\/posts\/243174","targetHints":{"allow":["GET"]}}],"collection":[{"href":"https:\/\/www.ocorreionews.com.br\/acervo-correio\/index.php?rest_route=\/wp\/v2\/posts"}],"about":[{"href":"https:\/\/www.ocorreionews.com.br\/acervo-correio\/index.php?rest_route=\/wp\/v2\/types\/post"}],"author":[{"embeddable":true,"href":"https:\/\/www.ocorreionews.com.br\/acervo-correio\/index.php?rest_route=\/wp\/v2\/users\/5"}],"replies":[{"embeddable":true,"href":"https:\/\/www.ocorreionews.com.br\/acervo-correio\/index.php?rest_route=%2Fwp%2Fv2%2Fcomments&post=243174"}],"version-history":[{"count":1,"href":"https:\/\/www.ocorreionews.com.br\/acervo-correio\/index.php?rest_route=\/wp\/v2\/posts\/243174\/revisions"}],"predecessor-version":[{"id":243184,"href":"https:\/\/www.ocorreionews.com.br\/acervo-correio\/index.php?rest_route=\/wp\/v2\/posts\/243174\/revisions\/243184"}],"wp:featuredmedia":[{"embeddable":true,"href":"https:\/\/www.ocorreionews.com.br\/acervo-correio\/index.php?rest_route=\/wp\/v2\/media\/243177"}],"wp:attachment":[{"href":"https:\/\/www.ocorreionews.com.br\/acervo-correio\/index.php?rest_route=%2Fwp%2Fv2%2Fmedia&parent=243174"}],"wp:term":[{"taxonomy":"category","embeddable":true,"href":"https:\/\/www.ocorreionews.com.br\/acervo-correio\/index.php?rest_route=%2Fwp%2Fv2%2Fcategories&post=243174"},{"taxonomy":"post_tag","embeddable":true,"href":"https:\/\/www.ocorreionews.com.br\/acervo-correio\/index.php?rest_route=%2Fwp%2Fv2%2Ftags&post=243174"}],"curies":[{"name":"wp","href":"https:\/\/api.w.org\/{rel}","templated":true}]}}