{"id":243175,"date":"2023-06-21T13:01:23","date_gmt":"2023-06-21T17:01:23","guid":{"rendered":"https:\/\/www.ocorreionews.com.br\/acervo-correio\/?p=243175"},"modified":"2023-06-21T13:01:23","modified_gmt":"2023-06-21T17:01:23","slug":"camara-vai-a-escola-promovendo-educacao-civica-e-politica-nas-escolas-rurais-de-chapadao-do-sul","status":"publish","type":"post","link":"https:\/\/www.ocorreionews.com.br\/acervo-correio\/?p=243175","title":{"rendered":"C\u00e2mara Vai \u00e0 Escola: Promovendo Educa\u00e7\u00e3o C\u00edvica e Pol\u00edtica nas Escolas Rurais de Chapad\u00e3o do Sul"},"content":{"rendered":"<div class=\"col-12\">\n<div class=\"leitura\">\n<p>A C\u00e2mara Municipal de Chapad\u00e3o do Sul est\u00e1 empenhada em promover a educa\u00e7\u00e3o c\u00edvica e pol\u00edtica entre os jovens estudantes do munic\u00edpio. Por meio do projeto &#8220;C\u00e2mara Vai \u00e0 Escola&#8221;, a iniciativa visa abordar temas importantes sobre os tr\u00eas poderes e o papel do Legislativo na sociedade, proporcionando aos alunos uma compreens\u00e3o mais ampla do funcionamento do sistema pol\u00edtico brasileiro.<\/p>\n<p>Na \u00faltima ter\u00e7a-feira, 20, o projeto estendeu-se \u00e0s escolas rurais do munic\u00edpio, abrangendo o Assentamento Aroeira e Pedra Branca. Com o intuito de alcan\u00e7ar todos os estudantes e garantir que nenhuma comunidade seja deixada de lado, a C\u00e2mara Municipal demonstra seu compromisso com a educa\u00e7\u00e3o e o engajamento c\u00edvico em todas as \u00e1reas do munic\u00edpio.<\/p>\n<p>Durante a realiza\u00e7\u00e3o do projeto, os vereadores da C\u00e2mara Municipal de Chapad\u00e3o do Sul visitaram as escolas rurais e proporcionaram uma palestra interativa sobre os tr\u00eas poderes (Executivo, Legislativo e Judici\u00e1rio), discutindo o funcionamento do sistema pol\u00edtico e o papel de cada poder na sociedade. Os alunos tiveram a oportunidade de aprender sobre a import\u00e2ncia de suas vozes e a maneira como podem participar ativamente na constru\u00e7\u00e3o de um pa\u00eds melhor.<\/p>\n<p>A iniciativa contou com a presen\u00e7a do Presidente da C\u00e2mara, Vereador Tucano, al\u00e9m dos vereadores Alline Tontini, Professora Almira, Vanderson Cardoso, Al\u00edrio Bacca e Mika que conversaram e tiraram d\u00favidas dos alunos do 9\u00ba ano ao 3\u00ba ano do Ensino M\u00e9dio, sobre o Poder Legislativo.<\/p>\n<p>Ao final, foi realizado um processo eleitoral, no qual os alunos tiveram a oportunidade de eleger um representante para participar das pr\u00f3ximas etapas do projeto. O aluno Pedro Miguel Queiroz dos Santos foi eleito no Assentamento Aroeira e a aluna Rubiana Alves de Oliveira na Pedra Branca, e ser\u00e3o os representantes das Escolas na pr\u00f3xima fase do projeto.<\/p>\n<p>O projeto &#8220;C\u00e2mara Vai \u00e0 Escola&#8221; representa um passo significativo para a promo\u00e7\u00e3o da educa\u00e7\u00e3o c\u00edvica e pol\u00edtica em Chapad\u00e3o do Sul, especialmente nas \u00e1reas rurais do munic\u00edpio. Ao levar informa\u00e7\u00f5es relevantes e estimulantes diretamente aos estudantes, a C\u00e2mara Municipal de Vereadores fortalece a participa\u00e7\u00e3o democr\u00e1tica e estimula a forma\u00e7\u00e3o de futuros cidad\u00e3os ativos e conscientes.<\/p>\n<p><img decoding=\"async\" src=\"https:\/\/www.camarachapadaodosul.ms.gov.br\/\/uploads\/wysiwyg\/\/63803308.jpg\" alt=\"\" \/><\/p>\n<p>&nbsp;<\/p>\n<p><img decoding=\"async\" src=\"https:\/\/www.camarachapadaodosul.ms.gov.br\/\/uploads\/wysiwyg\/\/659b48da.jpg\" alt=\"\" \/><\/p>\n<p><img decoding=\"async\" src=\"https:\/\/www.camarachapadaodosul.ms.gov.br\/\/uploads\/wysiwyg\/\/64add060.jpg\" alt=\"\" \/><\/p>\n<p><img decoding=\"async\" src=\"https:\/\/www.camarachapadaodosul.ms.gov.br\/\/uploads\/wysiwyg\/\/66e0feb2.jpg\" alt=\"\" \/><\/p>\n<p><img decoding=\"async\" src=\"https:\/\/www.camarachapadaodosul.ms.gov.br\/\/uploads\/wysiwyg\/\/674f2027.jpg\" alt=\"\" \/><\/p>\n<p><img decoding=\"async\" src=\"https:\/\/www.camarachapadaodosul.ms.gov.br\/\/uploads\/wysiwyg\/\/68b53003.jpg\" alt=\"\" \/><\/p>\n<p>Ascom<\/p>\n<\/div>\n<\/div>\n<div class=\"col-12\"><\/div>\n<div class=\"col-lg-10 col-sm-12 col-md-12\"><\/div>\n<div class=\"col-12\"><\/div>\n<div class=\"col-12\"><\/div>\n","protected":false},"excerpt":{"rendered":"<p>A C\u00e2mara Municipal de Chapad\u00e3o do Sul est\u00e1 empenhada em promover a educa\u00e7\u00e3o c\u00edvica e pol\u00edtica entre os jovens estudantes do munic\u00edpio. Por meio do projeto &#8220;C\u00e2mara Vai \u00e0 Escola&#8221;, a iniciativa visa abordar temas importantes sobre os tr\u00eas poderes e o papel do Legislativo na sociedade, proporcionando aos alunos uma compreens\u00e3o mais ampla do [&hellip;]<\/p>\n","protected":false},"author":4,"featured_media":243185,"comment_status":"closed","ping_status":"closed","sticky":false,"template":"","format":"standard","meta":{"footnotes":""},"categories":[20,23,41],"tags":[],"class_list":["post-243175","post","type-post","status-publish","format-standard","has-post-thumbnail","hentry","category-camara-municipal","category-chapadao-do-sul","category-destaque"],"_links":{"self":[{"href":"https:\/\/www.ocorreionews.com.br\/acervo-correio\/index.php?rest_route=\/wp\/v2\/posts\/243175","targetHints":{"allow":["GET"]}}],"collection":[{"href":"https:\/\/www.ocorreionews.com.br\/acervo-correio\/index.php?rest_route=\/wp\/v2\/posts"}],"about":[{"href":"https:\/\/www.ocorreionews.com.br\/acervo-correio\/index.php?rest_route=\/wp\/v2\/types\/post"}],"author":[{"embeddable":true,"href":"https:\/\/www.ocorreionews.com.br\/acervo-correio\/index.php?rest_route=\/wp\/v2\/users\/4"}],"replies":[{"embeddable":true,"href":"https:\/\/www.ocorreionews.com.br\/acervo-correio\/index.php?rest_route=%2Fwp%2Fv2%2Fcomments&post=243175"}],"version-history":[{"count":1,"href":"https:\/\/www.ocorreionews.com.br\/acervo-correio\/index.php?rest_route=\/wp\/v2\/posts\/243175\/revisions"}],"predecessor-version":[{"id":243186,"href":"https:\/\/www.ocorreionews.com.br\/acervo-correio\/index.php?rest_route=\/wp\/v2\/posts\/243175\/revisions\/243186"}],"wp:featuredmedia":[{"embeddable":true,"href":"https:\/\/www.ocorreionews.com.br\/acervo-correio\/index.php?rest_route=\/wp\/v2\/media\/243185"}],"wp:attachment":[{"href":"https:\/\/www.ocorreionews.com.br\/acervo-correio\/index.php?rest_route=%2Fwp%2Fv2%2Fmedia&parent=243175"}],"wp:term":[{"taxonomy":"category","embeddable":true,"href":"https:\/\/www.ocorreionews.com.br\/acervo-correio\/index.php?rest_route=%2Fwp%2Fv2%2Fcategories&post=243175"},{"taxonomy":"post_tag","embeddable":true,"href":"https:\/\/www.ocorreionews.com.br\/acervo-correio\/index.php?rest_route=%2Fwp%2Fv2%2Ftags&post=243175"}],"curies":[{"name":"wp","href":"https:\/\/api.w.org\/{rel}","templated":true}]}}