{"id":243181,"date":"2023-06-21T10:48:59","date_gmt":"2023-06-21T14:48:59","guid":{"rendered":"https:\/\/www.ocorreionews.com.br\/acervo-correio\/?p=243181"},"modified":"2023-06-21T10:48:59","modified_gmt":"2023-06-21T14:48:59","slug":"inverno-chegou-saiba-por-que-estacao-pode-ser-a-mais-quente-da-historia-em-ms","status":"publish","type":"post","link":"https:\/\/www.ocorreionews.com.br\/acervo-correio\/?p=243181","title":{"rendered":"Inverno chegou: Saiba por que esta\u00e7\u00e3o pode ser a mais quente da hist\u00f3ria em MS"},"content":{"rendered":"<p>Esperada por muitos, a esta\u00e7\u00e3o mais fria do ano come\u00e7a oficialmente nesta quarta-feira (21). Entretanto, aqueles que planejam dias vestindo casaco e cachecol poder\u00e3o se decepcionar, pois a expectativa \u00e9 que tenhamos um dos invernos mais quentes dos \u00faltimos anos, mesmo depois de um fim de outono com onda de frio que deixou a sensa\u00e7\u00e3o t\u00e9rmica negativa em v\u00e1rias cidades de Mato Grosso do Sul.<\/p>\n<p>Isso ocorre por conta do fen\u00f4meno El Nino &#8211; que aquece as \u00e1guas do Oceano Pac\u00edfico e dificulta o avan\u00e7o de frentes frias -, que estar\u00e1 entre forte e moderado no Mato Grosso do Sul. Alguns tratam o fen\u00f4meno como Super El Nino, afirmando a possibilidade de registrarmos o inverno igual ou superior ao mais quente da hist\u00f3ria, ocorrido em 2015-2016.<\/p>\n<p>Para o meteorologista do <a href=\"https:\/\/www.cemtec.ms.gov.br\/\" target=\"_blank\" rel=\"noreferrer noopener\" data-type=\"URL\" data-id=\"https:\/\/www.cemtec.ms.gov.br\/\">Cemtec (Centro de Monitoramento do Tempo e do Clima de MS)<\/a>, Vinicius Sperling, ainda \u00e9 cedo para confirmarmos essa expectativa.<\/p>\n<p>\u201cEu n\u00e3o sei de onde vem esse nome de Super El Nino. Talvez o nome estaria mais associado aos impactos, ou seja, secas em algumas regi\u00f5es, enchentes em outras, e maior aquecimento em todo o mundo\u201d, explicou Sperling.<\/p>\n<p>Ainda assim, os dias mais frios s\u00e3o esperados. Conforme o meteorologista o fen\u00f4meno n\u00e3o impede dias com grandes quedas de temperaturas, ou seja, pode preparar o casaco e os cobertores.<\/p>\n<h2 id=\"h-chuvas-acima-da-media-no-inverno\" class=\"wp-block-heading\">Chuvas acima da m\u00e9dia no inverno<\/h2>\n<p>Al\u00e9m das temperaturas possivelmente mais altas, as chuvas devem superar a m\u00e9dia hist\u00f3rica entre julho e setembro.<\/p>\n<p>De acordo com o Cemtec, as chuvas devem variar entre 100 e 200 mm na maior parte do Estado, enquanto na regi\u00e3o sul as chuvas ficam entre 200 e 300 mm e na regi\u00e3o norte entre 50 e 100 mm.<\/p>\n<div class=\"wp-block-image\">\n<figure class=\"aligncenter size-full\"><img loading=\"lazy\" decoding=\"async\" class=\"wp-image-1527498\" src=\"https:\/\/midiamaxproducao.s3.amazonaws.com\/wp-content\/uploads\/2023\/06\/20143638\/inverno-quente-cemtec-1.jpg\" sizes=\"auto, (max-width: 576px) 100vw, 576px\" srcset=\"https:\/\/midiamaxproducao.s3.amazonaws.com\/wp-content\/uploads\/2023\/06\/20143638\/inverno-quente-cemtec-1.jpg 576w, https:\/\/midiamaxproducao.s3.amazonaws.com\/wp-content\/uploads\/2023\/06\/20143638\/inverno-quente-cemtec-1-300x179.jpg 300w, https:\/\/midiamaxproducao.s3.amazonaws.com\/wp-content\/uploads\/2023\/06\/20143638\/inverno-quente-cemtec-1-150x89.jpg 150w\" alt=\"\" width=\"576\" height=\"343\" \/><figcaption class=\"wp-element-caption\"><em>Previs\u00e3o probabil\u00edstica em tercis da precipita\u00e7\u00e3o acumulada para o trimestre. (Fonte: ECMWF)<\/em><\/figcaption><\/figure>\n<\/div>\n<h2 class=\"wp-block-heading\">Quase 100% de chances do El Nino<\/h2>\n<p>Conforme prognostico elaborado pela Cemtec, existe 94% de probabilidade para o fen\u00f4meno de El Ni\u00f1o no trimestre em Mato Grosso do Sul.<\/p>\n<p>O El Ni\u00f1o \u00e9 considerado um fen\u00f4meno de aquecimento das \u00e1guas superficiais do Pac\u00edfico, e possui uma condi\u00e7\u00e3o menos previs\u00edvel para o estado.<\/p>\n<p>A tend\u00eancia geral \u00e9 de aumento das chuvas e padr\u00f5es de temperaturas mais elevados, principalmente no inverno.<\/p>\n<p>Vale destacar que n\u00e3o \u00e9 apenas o fen\u00f4meno clim\u00e1tico que determina as condi\u00e7\u00f5es gerais do clima.<\/p>\n<p>Em resumo, \u00e9 poss\u00edvel afirmar que as chuvas ficar\u00e3o a levemente acima da m\u00e9dia hist\u00f3rica durante a esta\u00e7\u00e3o. De acordo com o Cemtec, a precipita\u00e7\u00e3o deve se manter ligeiramente acima ou at\u00e9 mesmo dentro da m\u00e9dia climatol\u00f3gica para o trimestre.<\/p>\n<p>Por fim, a previs\u00e3o clim\u00e1tica da temperatura do ar para o mesmo trimestre, o modelo indica que em Mato Grosso do Sul, as temperaturas tendem a ficar acima da m\u00e9dia hist\u00f3rica.<\/p>\n<p>&nbsp;<\/p>\n<p>&nbsp;<\/p>\n<p>*Midiamax,\u00a0 Gabriel Neves<\/p>\n<div class=\"elementor-element elementor-element-ec9eab2 elementor-widget__width-auto elementor-widget elementor-widget-text-editor\" data-id=\"ec9eab2\" data-element_type=\"widget\" data-widget_type=\"text-editor.default\">\n<div class=\"elementor-widget-container\"><\/div>\n<\/div>\n","protected":false},"excerpt":{"rendered":"<p>Esperada por muitos, a esta\u00e7\u00e3o mais fria do ano come\u00e7a oficialmente nesta quarta-feira (21). Entretanto, aqueles que planejam dias vestindo casaco e cachecol poder\u00e3o se decepcionar, pois a expectativa \u00e9 que tenhamos um dos invernos mais quentes dos \u00faltimos anos, mesmo depois de um fim de outono com onda de frio que deixou a sensa\u00e7\u00e3o [&hellip;]<\/p>\n","protected":false},"author":5,"featured_media":243182,"comment_status":"closed","ping_status":"closed","sticky":false,"template":"","format":"standard","meta":{"footnotes":""},"categories":[144],"tags":[],"class_list":["post-243181","post","type-post","status-publish","format-standard","has-post-thumbnail","hentry","category-meio-ambiente"],"_links":{"self":[{"href":"https:\/\/www.ocorreionews.com.br\/acervo-correio\/index.php?rest_route=\/wp\/v2\/posts\/243181","targetHints":{"allow":["GET"]}}],"collection":[{"href":"https:\/\/www.ocorreionews.com.br\/acervo-correio\/index.php?rest_route=\/wp\/v2\/posts"}],"about":[{"href":"https:\/\/www.ocorreionews.com.br\/acervo-correio\/index.php?rest_route=\/wp\/v2\/types\/post"}],"author":[{"embeddable":true,"href":"https:\/\/www.ocorreionews.com.br\/acervo-correio\/index.php?rest_route=\/wp\/v2\/users\/5"}],"replies":[{"embeddable":true,"href":"https:\/\/www.ocorreionews.com.br\/acervo-correio\/index.php?rest_route=%2Fwp%2Fv2%2Fcomments&post=243181"}],"version-history":[{"count":1,"href":"https:\/\/www.ocorreionews.com.br\/acervo-correio\/index.php?rest_route=\/wp\/v2\/posts\/243181\/revisions"}],"predecessor-version":[{"id":243183,"href":"https:\/\/www.ocorreionews.com.br\/acervo-correio\/index.php?rest_route=\/wp\/v2\/posts\/243181\/revisions\/243183"}],"wp:featuredmedia":[{"embeddable":true,"href":"https:\/\/www.ocorreionews.com.br\/acervo-correio\/index.php?rest_route=\/wp\/v2\/media\/243182"}],"wp:attachment":[{"href":"https:\/\/www.ocorreionews.com.br\/acervo-correio\/index.php?rest_route=%2Fwp%2Fv2%2Fmedia&parent=243181"}],"wp:term":[{"taxonomy":"category","embeddable":true,"href":"https:\/\/www.ocorreionews.com.br\/acervo-correio\/index.php?rest_route=%2Fwp%2Fv2%2Fcategories&post=243181"},{"taxonomy":"post_tag","embeddable":true,"href":"https:\/\/www.ocorreionews.com.br\/acervo-correio\/index.php?rest_route=%2Fwp%2Fv2%2Ftags&post=243181"}],"curies":[{"name":"wp","href":"https:\/\/api.w.org\/{rel}","templated":true}]}}