{"id":243187,"date":"2023-06-21T13:05:49","date_gmt":"2023-06-21T17:05:49","guid":{"rendered":"https:\/\/www.ocorreionews.com.br\/acervo-correio\/?p=243187"},"modified":"2023-06-21T13:05:49","modified_gmt":"2023-06-21T17:05:49","slug":"paraiso-das-aguas-participa-de-primeiro-encontro-regional-para-a-elaboracao-do-plano-plurianual","status":"publish","type":"post","link":"https:\/\/www.ocorreionews.com.br\/acervo-correio\/?p=243187","title":{"rendered":"Para\u00edso das \u00c1guas participa de primeiro encontro regional para a elabora\u00e7\u00e3o do plano plurianual"},"content":{"rendered":"<p>O\u00a0prefeito de Para\u00edso das \u00c1guas, An\u00edzio Andrade, acompanhado do secret\u00e1rio municipal de planejamento, administra\u00e7\u00e3o e finan\u00e7as, Ildo Furtado de Oliveira, participou nesta ter\u00e7a-feira (20) do primeiro encontro regional para a elabora\u00e7\u00e3o do PPA (Plano Plurianual) 2024-2027.\u00a0A reuni\u00e3o foi realizada no Anfiteatro da UFMS de Tr\u00eas Lagoas.<\/p>\n<p>Na escuta social, a regi\u00e3o engloba, al\u00e9m de Tr\u00eas Lagoas, os munic\u00edpios de \u00c1gua Clara, Aparecida do Taboado, Bataguassu, Brasil\u00e2ndia, Cassil\u00e2ndia, Chapad\u00e3o do Sul, Inoc\u00eancia, Para\u00edso das \u00c1guas, Parana\u00edba, Ribas do Rio Pardo, Santa Rita do Pardo e Selv\u00edria.<\/p>\n<p>Nesta etapa, o governo recebe a contribui\u00e7\u00e3o da popula\u00e7\u00e3o sul-mato-grossense que indica quais pol\u00edticas p\u00fablicas e a\u00e7\u00f5es devem ser priorizadas nos munic\u00edpios e no Estado.<\/p>\n<p>Com base nesse di\u00e1logo com a sociedade, ser\u00e1 constru\u00eddo o PPA, um instrumento de planejamento previsto na Constitui\u00e7\u00e3o Federal de 1988, elaborado a cada quatro anos pelos estados.<\/p>\n<p>Nesse primeiro encontro, o secret\u00e1rio de Estado da Casa Civil, Eduardo Rocha, foi ao encontro da popula\u00e7\u00e3o para ouvir as demandas. \u201cO PPA participativo d\u00e1 voz \u00e0 popula\u00e7\u00e3o dentro do planejamento or\u00e7ament\u00e1rio de Mato Grosso do Sul para os pr\u00f3ximos quatro anos. Al\u00e9m desta contribui\u00e7\u00e3o popular, o Governo do Estado tem suas diretrizes e metas para investimentos que, nas \u00e1reas da Educa\u00e7\u00e3o, da Sa\u00fade e na \u00e1rea Social, a gest\u00e3o tem projetos de investimentos pesados\u201d, disse.<\/p>\n<p>\u201cOutro ponto importante no planejamento \u00e9 a meta, estabelecida pelo governador Eduardo Riedel, de fazer Mato Grosso do Sul o Estado 100% asfaltado\u201d, acrescentou o chefe da Casa Civil.<\/p>\n<p>A participa\u00e7\u00e3o da sociedade tamb\u00e9m pode ser feita por meio do endere\u00e7o eletr\u00f4nico\u00a0<a href=\"http:\/\/voceparticipa.ms.gov.br\/\">http:\/\/voceparticipa.ms.gov.br\/<\/a>.<\/p>\n<p>De acordo com o prefeito de Para\u00edso das \u00c1guas, An\u00edzio Andrade, o di\u00e1logo entre governo e sociedade \u00e9 primordial para o estreitamento das a\u00e7\u00f5es a serem implementadas no munic\u00edpio.<\/p>\n<p>\u201cEssa \u00e9 a oportunidade de trazer as demandas e anseios da popula\u00e7\u00e3o para que sejam analisadas e envolvidas nos projetos a serem desenvolvidos pela administra\u00e7\u00e3o p\u00fablica nos pr\u00f3ximos anos\u201d, afirmou.<\/p>\n<p>Participaram ainda da primeira plen\u00e1ria do PPA Participativo estadual, o secret\u00e1rio executivo de Gest\u00e3o Estrat\u00e9gica e Municipalismo, Thaner Castro Nogueira; o superintendente de Or\u00e7amento, Ricardo Velloso (Sefaz); e os prefeitos Angelo Guerreiro (Tr\u00eas Lagoas), Akira Otsubo (Bataguassu), Ant\u00f4nio de P\u00e1dua (Brasil\u00e2ndia), L\u00facio Roberto Calixto Costa (Santa Rita do Rio Pardo), Ant\u00f4nio Angelo dos Santos (Inoc\u00eancia) e Valdecy Pereira da Costa (Cassil\u00e2ndia).<\/p>\n<p>ASCOM<\/p>\n","protected":false},"excerpt":{"rendered":"<p>O\u00a0prefeito de Para\u00edso das \u00c1guas, An\u00edzio Andrade, acompanhado do secret\u00e1rio municipal de planejamento, administra\u00e7\u00e3o e finan\u00e7as, Ildo Furtado de Oliveira, participou nesta ter\u00e7a-feira (20) do primeiro encontro regional para a elabora\u00e7\u00e3o do PPA (Plano Plurianual) 2024-2027.\u00a0A reuni\u00e3o foi realizada no Anfiteatro da UFMS de Tr\u00eas Lagoas. Na escuta social, a regi\u00e3o engloba, al\u00e9m de Tr\u00eas [&hellip;]<\/p>\n","protected":false},"author":4,"featured_media":243188,"comment_status":"closed","ping_status":"closed","sticky":false,"template":"","format":"standard","meta":{"footnotes":""},"categories":[36],"tags":[],"class_list":["post-243187","post","type-post","status-publish","format-standard","has-post-thumbnail","hentry","category-paraiso-das-aguas"],"_links":{"self":[{"href":"https:\/\/www.ocorreionews.com.br\/acervo-correio\/index.php?rest_route=\/wp\/v2\/posts\/243187","targetHints":{"allow":["GET"]}}],"collection":[{"href":"https:\/\/www.ocorreionews.com.br\/acervo-correio\/index.php?rest_route=\/wp\/v2\/posts"}],"about":[{"href":"https:\/\/www.ocorreionews.com.br\/acervo-correio\/index.php?rest_route=\/wp\/v2\/types\/post"}],"author":[{"embeddable":true,"href":"https:\/\/www.ocorreionews.com.br\/acervo-correio\/index.php?rest_route=\/wp\/v2\/users\/4"}],"replies":[{"embeddable":true,"href":"https:\/\/www.ocorreionews.com.br\/acervo-correio\/index.php?rest_route=%2Fwp%2Fv2%2Fcomments&post=243187"}],"version-history":[{"count":1,"href":"https:\/\/www.ocorreionews.com.br\/acervo-correio\/index.php?rest_route=\/wp\/v2\/posts\/243187\/revisions"}],"predecessor-version":[{"id":243189,"href":"https:\/\/www.ocorreionews.com.br\/acervo-correio\/index.php?rest_route=\/wp\/v2\/posts\/243187\/revisions\/243189"}],"wp:featuredmedia":[{"embeddable":true,"href":"https:\/\/www.ocorreionews.com.br\/acervo-correio\/index.php?rest_route=\/wp\/v2\/media\/243188"}],"wp:attachment":[{"href":"https:\/\/www.ocorreionews.com.br\/acervo-correio\/index.php?rest_route=%2Fwp%2Fv2%2Fmedia&parent=243187"}],"wp:term":[{"taxonomy":"category","embeddable":true,"href":"https:\/\/www.ocorreionews.com.br\/acervo-correio\/index.php?rest_route=%2Fwp%2Fv2%2Fcategories&post=243187"},{"taxonomy":"post_tag","embeddable":true,"href":"https:\/\/www.ocorreionews.com.br\/acervo-correio\/index.php?rest_route=%2Fwp%2Fv2%2Ftags&post=243187"}],"curies":[{"name":"wp","href":"https:\/\/api.w.org\/{rel}","templated":true}]}}