{"id":243192,"date":"2023-06-21T13:33:12","date_gmt":"2023-06-21T17:33:12","guid":{"rendered":"https:\/\/www.ocorreionews.com.br\/acervo-correio\/?p=243192"},"modified":"2023-06-21T13:33:12","modified_gmt":"2023-06-21T17:33:12","slug":"lei-institui-a-semana-delas-no-municipio-de-costa-rica","status":"publish","type":"post","link":"https:\/\/www.ocorreionews.com.br\/acervo-correio\/?p=243192","title":{"rendered":"Lei institui a &#8220;Semana Delas&#8221; no munic\u00edpio de Costa Rica"},"content":{"rendered":"<div class=\"ntc_cont_descricao_noticia sw_txteditor\">A Prefeitura de Costa Rica, instituiu a &#8220;Semana Delas&#8221; por meio da Lei n\u00ba 1.727, aprovada pela C\u00e2mara de Vereadores e sancionada pelo prefeito delegado Cleverson Alves dos Santos. A lei estabelece que a Semana Delas ser\u00e1 realizada anualmente, no m\u00eas de mar\u00e7o, na semana que inclui o dia 08, conhecido como o &#8220;Dia Internacional da Mulher&#8221;.<\/p>\n<p>A Semana Delas tem como objetivo promover atividades educativas, art\u00edsticas, culturais e desportivas que busquem disseminar a compreens\u00e3o sobre o papel da mulher na sociedade, combatendo preconceitos e ideias estereotipadas. Al\u00e9m disso, pretende-se divulgar as conquistas das mulheres nos campos pol\u00edtico, econ\u00f4mico, social e cient\u00edfico, ressaltando sua participa\u00e7\u00e3o na constru\u00e7\u00e3o do pa\u00eds.<\/p>\n<p>Para alcan\u00e7ar os objetivos da Lei, o Poder Executivo Municipal dever\u00e1 organizar palestras, confer\u00eancias e outras atividades que promovam a defesa dos direitos das mulheres, assim como fornecer orienta\u00e7\u00e3o social, jur\u00eddica e\/ou psicol\u00f3gica. Al\u00e9m disso, a lei determina que sejam desenvolvidas atividades espec\u00edficas nas escolas municipais, como debates com profissionais que atuam na promo\u00e7\u00e3o e defesa dos interesses das mulheres, mostra de v\u00eddeos e filmes com a mulher como tema central, atividades externas monitoradas, como visitas a museus e \u00f3rg\u00e3os p\u00fablicos, concursos relacionados \u00e0 tem\u00e1tica, entre outros.<\/p>\n<p>A lei tamb\u00e9m prev\u00ea que os estabelecimentos de sa\u00fade do munic\u00edpio promovam atividades voltadas \u00e0 sa\u00fade da mulher, especialmente programas de informa\u00e7\u00e3o e preven\u00e7\u00e3o de doen\u00e7as. A Secretaria Municipal de Sa\u00fade ser\u00e1 respons\u00e1vel por definir quais exames diagn\u00f3sticos ser\u00e3o realizados, e esses devem ser amplamente divulgados para que o maior n\u00famero poss\u00edvel de mulheres possam participar.<\/p>\n<p>O Poder Executivo Municipal e as secretarias envolvidas na organiza\u00e7\u00e3o da Semana Delas est\u00e3o autorizados a firmar conv\u00eanios ou contratar servi\u00e7os de entidades p\u00fablicas ou privadas, associa\u00e7\u00f5es, organiza\u00e7\u00f5es e palestrantes que atuem no desenvolvimento de estudos, pesquisas e defesa dos direitos das mulheres. Al\u00e9m disso, o munic\u00edpio poder\u00e1 contratar eventos culturais e art\u00edsticos, como shows musicais, para serem oferecidos \u00e0 popula\u00e7\u00e3o em geral durante a Semana Delas.<\/p>\n<p>A Lei n\u00ba 1.727 tamb\u00e9m altera a Lei Municipal n\u00ba 1.061, de 3 de agosto de 2011, incluindo a Semana Delas no Calend\u00e1rio de Eventos do Munic\u00edpio de Costa Rica. \u00a0A norma foi publicada no Di\u00e1rio Oficial do Munic\u00edpio, edi\u00e7\u00e3o n\u00ba 3.479 da \u00faltima ter\u00e7a-feira (20).<\/p>\n<p>Com a institui\u00e7\u00e3o da Semana Delas, o munic\u00edpio de Costa Rica busca valorizar a luta das mulheres e promover a igualdade de g\u00eanero, evidenciando o importante papel desempenhado por elas na sociedade.\n<\/p><\/div>\n<div class=\"ntc_area_info_noticia sw_lato\">\n<div>\n<div class=\"ntc_info_noticia\"><strong class=\"sw_lato_black\">Fonte: <\/strong>Assessoria de Comunica\u00e7\u00e3o &#8211; PMCR, <strong class=\"sw_lato_black\">\u00a0<\/strong>Silvestre de Castro<\/div>\n<\/div>\n<\/div>\n","protected":false},"excerpt":{"rendered":"<p>A Prefeitura de Costa Rica, instituiu a &#8220;Semana Delas&#8221; por meio da Lei n\u00ba 1.727, aprovada pela C\u00e2mara de Vereadores e sancionada pelo prefeito delegado Cleverson Alves dos Santos. A lei estabelece que a Semana Delas ser\u00e1 realizada anualmente, no m\u00eas de mar\u00e7o, na semana que inclui o dia 08, conhecido como o &#8220;Dia Internacional [&hellip;]<\/p>\n","protected":false},"author":5,"featured_media":243193,"comment_status":"closed","ping_status":"closed","sticky":false,"template":"","format":"standard","meta":{"footnotes":""},"categories":[25],"tags":[],"class_list":["post-243192","post","type-post","status-publish","format-standard","has-post-thumbnail","hentry","category-costa-rica"],"_links":{"self":[{"href":"https:\/\/www.ocorreionews.com.br\/acervo-correio\/index.php?rest_route=\/wp\/v2\/posts\/243192","targetHints":{"allow":["GET"]}}],"collection":[{"href":"https:\/\/www.ocorreionews.com.br\/acervo-correio\/index.php?rest_route=\/wp\/v2\/posts"}],"about":[{"href":"https:\/\/www.ocorreionews.com.br\/acervo-correio\/index.php?rest_route=\/wp\/v2\/types\/post"}],"author":[{"embeddable":true,"href":"https:\/\/www.ocorreionews.com.br\/acervo-correio\/index.php?rest_route=\/wp\/v2\/users\/5"}],"replies":[{"embeddable":true,"href":"https:\/\/www.ocorreionews.com.br\/acervo-correio\/index.php?rest_route=%2Fwp%2Fv2%2Fcomments&post=243192"}],"version-history":[{"count":1,"href":"https:\/\/www.ocorreionews.com.br\/acervo-correio\/index.php?rest_route=\/wp\/v2\/posts\/243192\/revisions"}],"predecessor-version":[{"id":243195,"href":"https:\/\/www.ocorreionews.com.br\/acervo-correio\/index.php?rest_route=\/wp\/v2\/posts\/243192\/revisions\/243195"}],"wp:featuredmedia":[{"embeddable":true,"href":"https:\/\/www.ocorreionews.com.br\/acervo-correio\/index.php?rest_route=\/wp\/v2\/media\/243193"}],"wp:attachment":[{"href":"https:\/\/www.ocorreionews.com.br\/acervo-correio\/index.php?rest_route=%2Fwp%2Fv2%2Fmedia&parent=243192"}],"wp:term":[{"taxonomy":"category","embeddable":true,"href":"https:\/\/www.ocorreionews.com.br\/acervo-correio\/index.php?rest_route=%2Fwp%2Fv2%2Fcategories&post=243192"},{"taxonomy":"post_tag","embeddable":true,"href":"https:\/\/www.ocorreionews.com.br\/acervo-correio\/index.php?rest_route=%2Fwp%2Fv2%2Ftags&post=243192"}],"curies":[{"name":"wp","href":"https:\/\/api.w.org\/{rel}","templated":true}]}}