{"id":243196,"date":"2023-06-21T13:34:25","date_gmt":"2023-06-21T17:34:25","guid":{"rendered":"https:\/\/www.ocorreionews.com.br\/acervo-correio\/?p=243196"},"modified":"2023-06-21T13:34:25","modified_gmt":"2023-06-21T17:34:25","slug":"governo-do-ms-e-prefeitura-de-costa-rica-buscam-promover-a-protecao-ambiental-na-regiao","status":"publish","type":"post","link":"https:\/\/www.ocorreionews.com.br\/acervo-correio\/?p=243196","title":{"rendered":"Governo do MS e Prefeitura de Costa Rica buscam promover a prote\u00e7\u00e3o ambiental na regi\u00e3o"},"content":{"rendered":"<div class=\"ntc_cont_descricao_noticia sw_txteditor\">O munic\u00edpio de Costa Rica est\u00e1 sediando desde a \u00faltima ter\u00e7a-feira (20), at\u00e9 a quinta-feira (22), o 2\u00ba Curso de Sistema de Comando de Incidentes (SCI) e Resgate T\u00e9cnico Animal (RTA) Regional do ano de 2023. O evento acontece no Parque Natural Municipal Salto do Sucuri\u00fa, no Audit\u00f3rio Ambiental e Cultural Valdir Justino de Almeida, e re\u00fane profissionais m\u00e9dicos veterin\u00e1rios, bi\u00f3logos, zootecnistas e outros envolvidos na prote\u00e7\u00e3o ambiental de animais silvestres na regi\u00e3o.<\/p>\n<p>Para o prefeito de Costa Rica, delegado Cleverson Alves dos Santos, a realiza\u00e7\u00e3o do curso fortalece a preocupa\u00e7\u00e3o do munic\u00edpio em preservar a fauna e flora local. &#8220;\u00c9 fundamental que tenhamos profissionais qualificados para atuar na prote\u00e7\u00e3o dos animais silvestres, garantindo sua preserva\u00e7\u00e3o e bem-estar. Estamos empenhados em promover a conscientiza\u00e7\u00e3o e a\u00e7\u00f5es pr\u00e1ticas que visem a preserva\u00e7\u00e3o do meio ambiente&#8221;, ressaltou o prefeito.<\/p>\n<p>Com um p\u00fablico estimado de 40 pessoas, incluindo 30 alunos e 10 organizadores e instrutores, o curso \u00e9 uma a\u00e7\u00e3o conjunta do Governo do Estado, por meio da SEMADESC (Secretaria de Estado de Meio Ambiente, Desenvolvimento, Ci\u00eancia, Tecnologia e Inova\u00e7\u00e3o), em parceria com a Prefeitura de Costa Rica, via SEMTMA (Secretaria Municipal de Turismo, Meio Ambiente, Esporte e Cultura).<\/p>\n<p>O objetivo principal do curso \u00e9 capacitar os participantes para atuarem de forma eficiente e coordenada em situa\u00e7\u00f5es de incidentes envolvendo animais silvestres, bem como fornecer conhecimentos t\u00e9cnicos sobre resgate e cuidados com essas esp\u00e9cies. Al\u00e9m disso, busca-se fomentar a conscientiza\u00e7\u00e3o sobre a import\u00e2ncia da prote\u00e7\u00e3o ambiental e do equil\u00edbrio do ecossistema local.<\/p>\n<p>O secret\u00e1rio municipal de Turismo, Meio Ambiente, Esporte e Cultura, Jo\u00e3o Carlos C\u00e2ndido Rocha, destaca a import\u00e2ncia da parceria entre o Governo do Estado e a Prefeitura de Costa Rica para a realiza\u00e7\u00e3o do curso. &#8220;Essa iniciativa refor\u00e7a o compromisso conjunto em promover a\u00e7\u00f5es para a prote\u00e7\u00e3o ambiental e o desenvolvimento sustent\u00e1vel em nossa regi\u00e3o. A capacita\u00e7\u00e3o desses profissionais \u00e9 fundamental para garantir uma atua\u00e7\u00e3o eficaz diante de incidentes e para preservar o patrim\u00f4nio natural de Costa Rica&#8221;, afirmou o secret\u00e1rio.<\/p>\n<p>Durante o curso, os participantes ter\u00e3o a oportunidade de adquirir conhecimentos te\u00f3ricos e pr\u00e1ticos sobre o Sistema de Comando de Incidentes e o Resgate T\u00e9cnico Animal, por meio de palestras, atividades em grupo e simula\u00e7\u00f5es de situa\u00e7\u00f5es reais. Dessa forma, estar\u00e3o preparados para atuar em casos de resgate, reabilita\u00e7\u00e3o e soltura de animais silvestres, al\u00e9m de estarem aptos a realizar a\u00e7\u00f5es preventivas e educativas junto \u00e0 popula\u00e7\u00e3o.<\/p>\n<p>A realiza\u00e7\u00e3o do 2\u00ba Curso de Sistema de Comando de Incidentes e Resgate T\u00e9cnico Animal em Costa Rica demonstra o compromisso do munic\u00edpio e do Governo do Estado com a prote\u00e7\u00e3o do meio ambiente e a preserva\u00e7\u00e3o da fauna silvestre. Essa iniciativa contribui para a forma\u00e7\u00e3o de uma rede de profissionais capacitados, que poder\u00e3o atuar de forma coordenada e eficiente em situa\u00e7\u00f5es de emerg\u00eancia, garantindo a seguran\u00e7a e o bem-estar dos animais e da popula\u00e7\u00e3o em geral.<\/p><\/div>\n<div class=\"ntc_cont_descricao_noticia sw_txteditor\">\n<\/div>\n<div class=\"ntc_area_info_noticia sw_lato\">\n<div>\n<div class=\"ntc_info_noticia\"><strong class=\"sw_lato_black\">Fonte: <\/strong>Assessoria de Comunica\u00e7\u00e3o \/ PMCR,<strong class=\"sw_lato_black\">\u00a0<\/strong>Silvestre de Castro<\/div>\n<\/div>\n<\/div>\n","protected":false},"excerpt":{"rendered":"<p>O munic\u00edpio de Costa Rica est\u00e1 sediando desde a \u00faltima ter\u00e7a-feira (20), at\u00e9 a quinta-feira (22), o 2\u00ba Curso de Sistema de Comando de Incidentes (SCI) e Resgate T\u00e9cnico Animal (RTA) Regional do ano de 2023. O evento acontece no Parque Natural Municipal Salto do Sucuri\u00fa, no Audit\u00f3rio Ambiental e Cultural Valdir Justino de Almeida, [&hellip;]<\/p>\n","protected":false},"author":5,"featured_media":243194,"comment_status":"closed","ping_status":"closed","sticky":false,"template":"","format":"standard","meta":{"footnotes":""},"categories":[25,41],"tags":[],"class_list":["post-243196","post","type-post","status-publish","format-standard","has-post-thumbnail","hentry","category-costa-rica","category-destaque"],"_links":{"self":[{"href":"https:\/\/www.ocorreionews.com.br\/acervo-correio\/index.php?rest_route=\/wp\/v2\/posts\/243196","targetHints":{"allow":["GET"]}}],"collection":[{"href":"https:\/\/www.ocorreionews.com.br\/acervo-correio\/index.php?rest_route=\/wp\/v2\/posts"}],"about":[{"href":"https:\/\/www.ocorreionews.com.br\/acervo-correio\/index.php?rest_route=\/wp\/v2\/types\/post"}],"author":[{"embeddable":true,"href":"https:\/\/www.ocorreionews.com.br\/acervo-correio\/index.php?rest_route=\/wp\/v2\/users\/5"}],"replies":[{"embeddable":true,"href":"https:\/\/www.ocorreionews.com.br\/acervo-correio\/index.php?rest_route=%2Fwp%2Fv2%2Fcomments&post=243196"}],"version-history":[{"count":1,"href":"https:\/\/www.ocorreionews.com.br\/acervo-correio\/index.php?rest_route=\/wp\/v2\/posts\/243196\/revisions"}],"predecessor-version":[{"id":243197,"href":"https:\/\/www.ocorreionews.com.br\/acervo-correio\/index.php?rest_route=\/wp\/v2\/posts\/243196\/revisions\/243197"}],"wp:featuredmedia":[{"embeddable":true,"href":"https:\/\/www.ocorreionews.com.br\/acervo-correio\/index.php?rest_route=\/wp\/v2\/media\/243194"}],"wp:attachment":[{"href":"https:\/\/www.ocorreionews.com.br\/acervo-correio\/index.php?rest_route=%2Fwp%2Fv2%2Fmedia&parent=243196"}],"wp:term":[{"taxonomy":"category","embeddable":true,"href":"https:\/\/www.ocorreionews.com.br\/acervo-correio\/index.php?rest_route=%2Fwp%2Fv2%2Fcategories&post=243196"},{"taxonomy":"post_tag","embeddable":true,"href":"https:\/\/www.ocorreionews.com.br\/acervo-correio\/index.php?rest_route=%2Fwp%2Fv2%2Ftags&post=243196"}],"curies":[{"name":"wp","href":"https:\/\/api.w.org\/{rel}","templated":true}]}}