{"id":243198,"date":"2023-06-21T13:36:53","date_gmt":"2023-06-21T17:36:53","guid":{"rendered":"https:\/\/www.ocorreionews.com.br\/acervo-correio\/?p=243198"},"modified":"2023-06-21T13:36:53","modified_gmt":"2023-06-21T17:36:53","slug":"costa-rica-abre-inscricoes-para-interessados-concorrerem-ao-cargo-de-diretor-de-escola-da-reme","status":"publish","type":"post","link":"https:\/\/www.ocorreionews.com.br\/acervo-correio\/?p=243198","title":{"rendered":"Costa Rica abre Inscri\u00e7\u00f5es para interessados concorrerem ao cargo de Diretor de Escola da REME"},"content":{"rendered":"<div class=\"ntc_cont_descricao_noticia sw_txteditor\">Na \u00faltima segunda-feira (19), o Di\u00e1rio Oficial do Munic\u00edpio n\u00ba 3.478, edi\u00e7\u00e3o extra, publicou o Edital n\u00ba 001\/2023 referente ao processo de escolha e provimento da fun\u00e7\u00e3o de diretores escolares das institui\u00e7\u00f5es p\u00fablicas da rede municipal de ensino de Costa Rica\/MS. O processo ser\u00e1 organizado e executado pela empresa KLC \u2013 Consultoria em Gest\u00e3o P\u00fablica LTDA, sob a supervis\u00e3o da Comiss\u00e3o Especial de Processo de Sele\u00e7\u00e3o. O programa de provas, as informa\u00e7\u00f5es sobre datas, locais e hor\u00e1rios ser\u00e3o disponibilizados nos sites <a href=\"http:\/\/www.klcconcursos.com.br\">www.klcconcursos.com.br<\/a> e https:\/\/www.costarica.ms.gov.br\/portal\/diario-oficial.<\/p>\n<p>Para concorrer ao cargo de Diretor de Escola, \u00e9 necess\u00e1rio ser integrante do quadro permanente do magist\u00e9rio municipal, possuir habilita\u00e7\u00e3o m\u00ednima de curso de gradua\u00e7\u00e3o em Pedagogia ou forma\u00e7\u00e3o em outra licenciatura com especializa\u00e7\u00e3o em Gest\u00e3o ou Administra\u00e7\u00e3o Escolar, ter experi\u00eancia m\u00ednima de 3 anos de efetivo exerc\u00edcio em doc\u00eancia na Rede Municipal de Ensino, al\u00e9m de certifica\u00e7\u00e3o em curso de Gest\u00e3o ou Administra\u00e7\u00e3o Escolar com carga hor\u00e1ria m\u00ednima de 180 horas. Tamb\u00e9m s\u00e3o requisitos n\u00e3o estar sofrendo processo disciplinar administrativo, n\u00e3o ter sido condenado em a\u00e7\u00e3o penal nos \u00faltimos tr\u00eas anos, estar em efetivo exerc\u00edcio nas institui\u00e7\u00f5es de ensino da rede municipal, ter estabilidade no servi\u00e7o p\u00fablico, entre outros.<\/p>\n<p>Ser\u00e3o disponibilizadas 12 vagas para a fun\u00e7\u00e3o de Diretor Escolar, al\u00e9m da forma\u00e7\u00e3o de cadastro reserva. As inscri\u00e7\u00f5es estar\u00e3o abertas no per\u00edodo de 20 a 30 de junho de 2023, exclusivamente pelo site <a href=\"http:\/\/www.klcconcursos.com.br\">www.klcconcursos.com.br<\/a>, e n\u00e3o haver\u00e1 cobran\u00e7a de taxa de inscri\u00e7\u00e3o. \u00c9 importante que os candidatos preencham corretamente o nome e sobrenome, pois a falta dessa informa\u00e7\u00e3o resultar\u00e1 no indeferimento da inscri\u00e7\u00e3o. A homologa\u00e7\u00e3o das inscri\u00e7\u00f5es ser\u00e1 divulgada no dia 3 de julho de 2023.<\/p>\n<p>O processo seletivo ser\u00e1 composto por avalia\u00e7\u00e3o de compet\u00eancias b\u00e1sicas de diretor escolar, prova de t\u00edtulos e an\u00e1lise de perfil profissional e comportamental. A prova escrita objetiva, que avaliar\u00e1 os conhecimentos espec\u00edficos do cargo, ser\u00e1 realizada no dia 9 de julho de 2023, com dura\u00e7\u00e3o de at\u00e9 4 horas. A classifica\u00e7\u00e3o final ser\u00e1 feita pela soma dos pontos obtidos nas provas objetiva e de t\u00edtulos.<\/p>\n<\/div>\n<div class=\"ntc_area_info_noticia sw_lato\">\n<div>\n<div class=\"ntc_info_noticia\"><strong class=\"sw_lato_black\">Fonte: <\/strong>Assessoria de Comunica\u00e7\u00e3o \/ PMCR &#8211; Silvestre de Castro<\/div>\n<\/div>\n<\/div>\n","protected":false},"excerpt":{"rendered":"<p>Na \u00faltima segunda-feira (19), o Di\u00e1rio Oficial do Munic\u00edpio n\u00ba 3.478, edi\u00e7\u00e3o extra, publicou o Edital n\u00ba 001\/2023 referente ao processo de escolha e provimento da fun\u00e7\u00e3o de diretores escolares das institui\u00e7\u00f5es p\u00fablicas da rede municipal de ensino de Costa Rica\/MS. O processo ser\u00e1 organizado e executado pela empresa KLC \u2013 Consultoria em Gest\u00e3o P\u00fablica [&hellip;]<\/p>\n","protected":false},"author":5,"featured_media":230012,"comment_status":"closed","ping_status":"closed","sticky":false,"template":"","format":"standard","meta":{"footnotes":""},"categories":[25],"tags":[],"class_list":["post-243198","post","type-post","status-publish","format-standard","has-post-thumbnail","hentry","category-costa-rica"],"_links":{"self":[{"href":"https:\/\/www.ocorreionews.com.br\/acervo-correio\/index.php?rest_route=\/wp\/v2\/posts\/243198","targetHints":{"allow":["GET"]}}],"collection":[{"href":"https:\/\/www.ocorreionews.com.br\/acervo-correio\/index.php?rest_route=\/wp\/v2\/posts"}],"about":[{"href":"https:\/\/www.ocorreionews.com.br\/acervo-correio\/index.php?rest_route=\/wp\/v2\/types\/post"}],"author":[{"embeddable":true,"href":"https:\/\/www.ocorreionews.com.br\/acervo-correio\/index.php?rest_route=\/wp\/v2\/users\/5"}],"replies":[{"embeddable":true,"href":"https:\/\/www.ocorreionews.com.br\/acervo-correio\/index.php?rest_route=%2Fwp%2Fv2%2Fcomments&post=243198"}],"version-history":[{"count":1,"href":"https:\/\/www.ocorreionews.com.br\/acervo-correio\/index.php?rest_route=\/wp\/v2\/posts\/243198\/revisions"}],"predecessor-version":[{"id":243199,"href":"https:\/\/www.ocorreionews.com.br\/acervo-correio\/index.php?rest_route=\/wp\/v2\/posts\/243198\/revisions\/243199"}],"wp:featuredmedia":[{"embeddable":true,"href":"https:\/\/www.ocorreionews.com.br\/acervo-correio\/index.php?rest_route=\/wp\/v2\/media\/230012"}],"wp:attachment":[{"href":"https:\/\/www.ocorreionews.com.br\/acervo-correio\/index.php?rest_route=%2Fwp%2Fv2%2Fmedia&parent=243198"}],"wp:term":[{"taxonomy":"category","embeddable":true,"href":"https:\/\/www.ocorreionews.com.br\/acervo-correio\/index.php?rest_route=%2Fwp%2Fv2%2Fcategories&post=243198"},{"taxonomy":"post_tag","embeddable":true,"href":"https:\/\/www.ocorreionews.com.br\/acervo-correio\/index.php?rest_route=%2Fwp%2Fv2%2Ftags&post=243198"}],"curies":[{"name":"wp","href":"https:\/\/api.w.org\/{rel}","templated":true}]}}