{"id":243200,"date":"2023-06-21T13:46:23","date_gmt":"2023-06-21T17:46:23","guid":{"rendered":"https:\/\/www.ocorreionews.com.br\/acervo-correio\/?p=243200"},"modified":"2023-06-21T13:46:23","modified_gmt":"2023-06-21T17:46:23","slug":"prova-de-conhecimento-especifico-para-conselheiro-tutelar-sera-realizada-neste-domingo-25","status":"publish","type":"post","link":"https:\/\/www.ocorreionews.com.br\/acervo-correio\/?p=243200","title":{"rendered":"Prova de conhecimento espec\u00edfico para Conselheiro Tutelar ser\u00e1 realizada neste domingo, 25"},"content":{"rendered":"<p style=\"font-weight: 400;\">A Comiss\u00e3o Especial Eleitoral para Organiza\u00e7\u00e3o do Processo de Escolha dos Membros do Conselho Tutelar de Chapad\u00e3o do Sul \u2013 MS, no uso das atribui\u00e7\u00f5es que lhe s\u00e3o conferidas pela Lei Federal 8.069\/90; Lei Municipal n\u00ba 1.291, de 08 de dezembro de 2021, Art. 15, XI e artigos 36 e 37 e Resolu\u00e7\u00e3o do CMDCA n\u00ba 06\/2023, publicou no Di\u00e1rio Oficial de ontem (20) o Edital n\u00ba 003\/2023, que traz informa\u00e7\u00f5es sobre a segunda etapa &#8211; a prova escrita de Conhecimento Geral do Estatuto da Crian\u00e7a e do Adolescente e Legisla\u00e7\u00e3o Municipal\u00a0pertinente.<\/p>\n<p style=\"font-weight: 400;\">O exame de conhecimento espec\u00edfico, eliminat\u00f3rio, ser\u00e1 aplicado no dia 25 de junho de 2023, na FACHASUL, Rua Vinte e Oito n\u00ba 615, na Sala 09, 1\u00ba Andar.Ter\u00e1 in\u00edcio \u00e0s 08:00 horas (hor\u00e1rio Oficial de Mato Grosso do Sul) e ter\u00e1 a dura\u00e7\u00e3o de 04 (quatro) horas, devendo os candidatos chegarem com anteced\u00eancia m\u00ednima de 30 (trinta) minutos, munidos de caneta esferogr\u00e1fica azul ou preta e documento de identidade.<\/p>\n<p style=\"font-weight: 400;\">\n<p style=\"font-weight: 400;\">O candidato que n\u00e3o comparecer ou chegar ap\u00f3s o hor\u00e1rio de fechamento dos port\u00f5es ser\u00e1 considerado automaticamente exclu\u00eddo do processo de escolha unificado.<\/p>\n<p style=\"font-weight: 400;\">O gabarito oficial ser\u00e1 divulgado no dia 26 de junho de 2023, por meio do Di\u00e1rio Oficial do Munic\u00edpio de Chapad\u00e3o do Sul.<\/p>\n<p style=\"font-weight: 400;\">Confira a lista dos candidatos inscritos:<\/p>\n<table width=\"425\">\n<tbody>\n<tr>\n<td width=\"425\"><b><strong>NOME<\/strong><\/b><\/td>\n<\/tr>\n<tr>\n<td width=\"425\">Ana Claudia Schulz<\/td>\n<\/tr>\n<tr>\n<td width=\"425\">Andr\u00e9ia Beatriz Layter<\/td>\n<\/tr>\n<tr>\n<td width=\"425\">Aparecida Leandra de Moraes<\/td>\n<\/tr>\n<tr>\n<td width=\"425\">Aline Costa da Silva dos Santos<\/td>\n<\/tr>\n<tr>\n<td width=\"425\">Carolina de Melo Sell<\/td>\n<\/tr>\n<tr>\n<td width=\"425\">Cristiane Loureiro Gon\u00e7alves Pinto da Silva<\/td>\n<\/tr>\n<tr>\n<td width=\"425\">Cristina Zimermann Pedroso<\/td>\n<\/tr>\n<tr>\n<td width=\"425\">Danielle Ferreira da Silva<\/td>\n<\/tr>\n<tr>\n<td width=\"425\">Douglas Pereira Gomes<\/td>\n<\/tr>\n<tr>\n<td width=\"425\">Eletir Dias Silva Ribeiro<\/td>\n<\/tr>\n<tr>\n<td width=\"425\">Eliane Coelho dos Santos<\/td>\n<\/tr>\n<tr>\n<td width=\"425\">Fernanda Cristina da Silva Nunes Vieira<\/td>\n<\/tr>\n<tr>\n<td width=\"425\">Fellipe Sim\u00e3o da Rosa<\/td>\n<\/tr>\n<tr>\n<td width=\"425\">Gabriela Figueiredo Fonseca<\/td>\n<\/tr>\n<tr>\n<td width=\"425\">Gleidy Aparecida Garcia Nunes<\/td>\n<\/tr>\n<tr>\n<td width=\"425\">Ivete Jos\u00e9 de Souza<\/td>\n<\/tr>\n<tr>\n<td width=\"425\">Janaina Lagoin dos Santos<\/td>\n<\/tr>\n<tr>\n<td width=\"425\">Jesana Oliveira de Queiroz<\/td>\n<\/tr>\n<tr>\n<td width=\"425\">Josiane de Lima Urbanek Lemes<\/td>\n<\/tr>\n<tr>\n<td width=\"425\">Juliana Bezerra Leandro<\/td>\n<\/tr>\n<tr>\n<td width=\"425\">Leide Daiane Silva de Souza Almeida<\/td>\n<\/tr>\n<tr>\n<td width=\"425\">Leila Fl\u00e1via Lima Pereira<\/td>\n<\/tr>\n<tr>\n<td width=\"425\">Lucas Arnaldo de Paula<\/td>\n<\/tr>\n<tr>\n<td width=\"425\">Maria Aparecida Rodrigues de Ara\u00fajo<\/td>\n<\/tr>\n<tr>\n<td width=\"425\">Maria Edna Souza da Costa<\/td>\n<\/tr>\n<tr>\n<td width=\"425\">Maria Silvia Pereira de Lima<\/td>\n<\/tr>\n<tr>\n<td width=\"425\">Maria Quit\u00e9ria da Silva Pereira<\/td>\n<\/tr>\n<tr>\n<td width=\"425\">Maria Valdenas Alves da Silva<\/td>\n<\/tr>\n<tr>\n<td width=\"425\">Mayane Ivonete Rulli Pereira<\/td>\n<\/tr>\n<tr>\n<td width=\"425\">Osana Rodrigues de Souza<\/td>\n<\/tr>\n<tr>\n<td width=\"425\">Paulo Di\u00f3genes Lima de Souza<\/td>\n<\/tr>\n<tr>\n<td width=\"425\">Rosani Aparecida Fernandes Beltran<\/td>\n<\/tr>\n<tr>\n<td width=\"425\">Sabrina Yamada<\/td>\n<\/tr>\n<tr>\n<td width=\"425\">Samara Oliveira Silva Torres<\/td>\n<\/tr>\n<tr>\n<td width=\"425\">Silvania Souza Carvalho<\/td>\n<\/tr>\n<tr>\n<td width=\"425\">Simone Vera Miranda<\/td>\n<\/tr>\n<tr>\n<td width=\"425\">Solange Maria Lompa<\/td>\n<\/tr>\n<tr>\n<td width=\"425\">Vanessa Rodrigues Pereira<\/td>\n<\/tr>\n<tr>\n<td width=\"425\">Viviane Aparecida Rodrigues de Oliveira<\/td>\n<\/tr>\n<tr>\n<td width=\"425\">Xariane Ferreira Jardim<\/td>\n<\/tr>\n<\/tbody>\n<\/table>\n<p style=\"font-weight: 400;\">Mais Informa\u00e7\u00f5es podem ser acessadas no Di\u00e1rio Oficial\u00a0<a href=\"http:\/\/imprensaoficialchapdosul.com.br\/admin\/arquivos\/download\/9413-edio-n-3033-20-de-junho-de-2023.pdf\">clicando aqui<\/a><\/p>\n<p>&nbsp;<\/p>\n<p>&nbsp;<\/p>\n<p>*Assecom PMCS<\/p>\n","protected":false},"excerpt":{"rendered":"<p>A Comiss\u00e3o Especial Eleitoral para Organiza\u00e7\u00e3o do Processo de Escolha dos Membros do Conselho Tutelar de Chapad\u00e3o do Sul \u2013 MS, no uso das atribui\u00e7\u00f5es que lhe s\u00e3o conferidas pela Lei Federal 8.069\/90; Lei Municipal n\u00ba 1.291, de 08 de dezembro de 2021, Art. 15, XI e artigos 36 e 37 e Resolu\u00e7\u00e3o do CMDCA [&hellip;]<\/p>\n","protected":false},"author":5,"featured_media":118501,"comment_status":"closed","ping_status":"closed","sticky":false,"template":"","format":"standard","meta":{"footnotes":""},"categories":[23],"tags":[],"class_list":["post-243200","post","type-post","status-publish","format-standard","has-post-thumbnail","hentry","category-chapadao-do-sul"],"_links":{"self":[{"href":"https:\/\/www.ocorreionews.com.br\/acervo-correio\/index.php?rest_route=\/wp\/v2\/posts\/243200","targetHints":{"allow":["GET"]}}],"collection":[{"href":"https:\/\/www.ocorreionews.com.br\/acervo-correio\/index.php?rest_route=\/wp\/v2\/posts"}],"about":[{"href":"https:\/\/www.ocorreionews.com.br\/acervo-correio\/index.php?rest_route=\/wp\/v2\/types\/post"}],"author":[{"embeddable":true,"href":"https:\/\/www.ocorreionews.com.br\/acervo-correio\/index.php?rest_route=\/wp\/v2\/users\/5"}],"replies":[{"embeddable":true,"href":"https:\/\/www.ocorreionews.com.br\/acervo-correio\/index.php?rest_route=%2Fwp%2Fv2%2Fcomments&post=243200"}],"version-history":[{"count":1,"href":"https:\/\/www.ocorreionews.com.br\/acervo-correio\/index.php?rest_route=\/wp\/v2\/posts\/243200\/revisions"}],"predecessor-version":[{"id":243201,"href":"https:\/\/www.ocorreionews.com.br\/acervo-correio\/index.php?rest_route=\/wp\/v2\/posts\/243200\/revisions\/243201"}],"wp:featuredmedia":[{"embeddable":true,"href":"https:\/\/www.ocorreionews.com.br\/acervo-correio\/index.php?rest_route=\/wp\/v2\/media\/118501"}],"wp:attachment":[{"href":"https:\/\/www.ocorreionews.com.br\/acervo-correio\/index.php?rest_route=%2Fwp%2Fv2%2Fmedia&parent=243200"}],"wp:term":[{"taxonomy":"category","embeddable":true,"href":"https:\/\/www.ocorreionews.com.br\/acervo-correio\/index.php?rest_route=%2Fwp%2Fv2%2Fcategories&post=243200"},{"taxonomy":"post_tag","embeddable":true,"href":"https:\/\/www.ocorreionews.com.br\/acervo-correio\/index.php?rest_route=%2Fwp%2Fv2%2Ftags&post=243200"}],"curies":[{"name":"wp","href":"https:\/\/api.w.org\/{rel}","templated":true}]}}