{"id":243223,"date":"2023-06-21T16:14:17","date_gmt":"2023-06-21T20:14:17","guid":{"rendered":"https:\/\/www.ocorreionews.com.br\/acervo-correio\/?p=243223"},"modified":"2023-06-21T16:14:17","modified_gmt":"2023-06-21T20:14:17","slug":"homem-e-preso-apos-descumprir-medida-protetiva-em-costa-rica","status":"publish","type":"post","link":"https:\/\/www.ocorreionews.com.br\/acervo-correio\/?p=243223","title":{"rendered":"Homem \u00e9 preso ap\u00f3s descumprir medida protetiva em Costa Rica"},"content":{"rendered":"<p>Um jovem de 24 anos foi preso na tarde desta ter\u00e7a-feira (20), em Costa Rica, ap\u00f3s descobrir uma medida protetiva que sua ex-companheira tinha contra ele, no Bairro Sonho Meu 4, Costa Rica.<\/p>\n<p>De acordo com informa\u00e7\u00f5es do Boletim de Ocorr\u00eancia, uma guarni\u00e7\u00e3o da Pol\u00edcia Militar de Costa Rica realizou visita no endere\u00e7o a v\u00edtima uma mulher de 36 anos, com o intuito de acompanhamento do cumprimento de medida protetiva, nos moldes do projeto mulher segura.<\/p>\n<p>No local a v\u00edtima relatou aos militares que o autor se encontrava na resid\u00eancia.<\/p>\n<p>De imediato foi dada voz de pris\u00e3o ao autor, que foi encaminhado at\u00e9 a delegacia de pol\u00edcia.<\/p>\n<p>&nbsp;<\/p>\n<p>*O Correio News, com informa\u00e7\u00f5es da Assessoria de comunica\u00e7\u00e3o da 4\u00aaCIPM.<\/p>\n","protected":false},"excerpt":{"rendered":"<p>Um jovem de 24 anos foi preso na tarde desta ter\u00e7a-feira (20), em Costa Rica, ap\u00f3s descobrir uma medida protetiva que sua ex-companheira tinha contra ele, no Bairro Sonho Meu 4, Costa Rica. De acordo com informa\u00e7\u00f5es do Boletim de Ocorr\u00eancia, uma guarni\u00e7\u00e3o da Pol\u00edcia Militar de Costa Rica realizou visita no endere\u00e7o a v\u00edtima [&hellip;]<\/p>\n","protected":false},"author":5,"featured_media":243084,"comment_status":"closed","ping_status":"closed","sticky":false,"template":"","format":"standard","meta":{"footnotes":""},"categories":[25,38],"tags":[],"class_list":["post-243223","post","type-post","status-publish","format-standard","has-post-thumbnail","hentry","category-costa-rica","category-policia"],"_links":{"self":[{"href":"https:\/\/www.ocorreionews.com.br\/acervo-correio\/index.php?rest_route=\/wp\/v2\/posts\/243223","targetHints":{"allow":["GET"]}}],"collection":[{"href":"https:\/\/www.ocorreionews.com.br\/acervo-correio\/index.php?rest_route=\/wp\/v2\/posts"}],"about":[{"href":"https:\/\/www.ocorreionews.com.br\/acervo-correio\/index.php?rest_route=\/wp\/v2\/types\/post"}],"author":[{"embeddable":true,"href":"https:\/\/www.ocorreionews.com.br\/acervo-correio\/index.php?rest_route=\/wp\/v2\/users\/5"}],"replies":[{"embeddable":true,"href":"https:\/\/www.ocorreionews.com.br\/acervo-correio\/index.php?rest_route=%2Fwp%2Fv2%2Fcomments&post=243223"}],"version-history":[{"count":1,"href":"https:\/\/www.ocorreionews.com.br\/acervo-correio\/index.php?rest_route=\/wp\/v2\/posts\/243223\/revisions"}],"predecessor-version":[{"id":243224,"href":"https:\/\/www.ocorreionews.com.br\/acervo-correio\/index.php?rest_route=\/wp\/v2\/posts\/243223\/revisions\/243224"}],"wp:featuredmedia":[{"embeddable":true,"href":"https:\/\/www.ocorreionews.com.br\/acervo-correio\/index.php?rest_route=\/wp\/v2\/media\/243084"}],"wp:attachment":[{"href":"https:\/\/www.ocorreionews.com.br\/acervo-correio\/index.php?rest_route=%2Fwp%2Fv2%2Fmedia&parent=243223"}],"wp:term":[{"taxonomy":"category","embeddable":true,"href":"https:\/\/www.ocorreionews.com.br\/acervo-correio\/index.php?rest_route=%2Fwp%2Fv2%2Fcategories&post=243223"},{"taxonomy":"post_tag","embeddable":true,"href":"https:\/\/www.ocorreionews.com.br\/acervo-correio\/index.php?rest_route=%2Fwp%2Fv2%2Ftags&post=243223"}],"curies":[{"name":"wp","href":"https:\/\/api.w.org\/{rel}","templated":true}]}}