{"id":243226,"date":"2023-06-21T16:59:48","date_gmt":"2023-06-21T20:59:48","guid":{"rendered":"https:\/\/www.ocorreionews.com.br\/acervo-correio\/?p=243226"},"modified":"2023-06-21T16:59:48","modified_gmt":"2023-06-21T20:59:48","slug":"evadido-do-sistema-prisional-e-um-dos-lideres-de-faccao-criminosa-e-preso-em-alcinopolis-com-identidade-falsa","status":"publish","type":"post","link":"https:\/\/www.ocorreionews.com.br\/acervo-correio\/?p=243226","title":{"rendered":"Evadido do sistema prisional e um dos l\u00edderes de fac\u00e7\u00e3o criminosa \u00e9 preso em Alcin\u00f3polis com identidade falsa"},"content":{"rendered":"<p>Na tarde desta ter\u00e7a-feira (20), um homem foi preso usando identidade falsa, na BR-359, em Alcin\u00f3polis. Segundo a pol\u00edcia, o indiv\u00edduo estava a caminho de Costa Rica (MS) e evadido do sistema prisional em Campo Grande (MS). A\u00a0abordagem foi realizada pela Pol\u00edcia Civil e Militar, em opera\u00e7\u00e3o conjunta.<\/p>\n<p>Segundo informa\u00e7\u00f5es do boletim de ocorr\u00eancia, por meio de uma den\u00fancia, a pol\u00edcia\u00a0soube que um ve\u00edculo gol branco trafegava pela BR-359 e o motorista, considerado de grande periculosidade, \u00e9 supostamente um dos l\u00edderes do PCC (Primeiro Comando da Capital) e estava evadido do sistema prisional em Campo Grande (MS).<\/p>\n<p>Os policiais foram at\u00e9 o local e durante a abordagem do ve\u00edculo, o motorista apresentou uma identidade falsa.<\/p>\n<p>O homem foi detido e encaminhado para a delegacia de Alcin\u00f3polis, onde foi constatado que o mesmo era foragido. Segundo a pol\u00edcia, o mesmo ser\u00e1 transferido para o Pres\u00eddio Masculino Penal de Coxim (MS).<\/p>\n<p><span class=\"data fz12 black uppercase\"> Fonte: MS Todo Dia <\/span><\/p>\n","protected":false},"excerpt":{"rendered":"<p>Na tarde desta ter\u00e7a-feira (20), um homem foi preso usando identidade falsa, na BR-359, em Alcin\u00f3polis. Segundo a pol\u00edcia, o indiv\u00edduo estava a caminho de Costa Rica (MS) e evadido do sistema prisional em Campo Grande (MS). A\u00a0abordagem foi realizada pela Pol\u00edcia Civil e Militar, em opera\u00e7\u00e3o conjunta. Segundo informa\u00e7\u00f5es do boletim de ocorr\u00eancia, por [&hellip;]<\/p>\n","protected":false},"author":5,"featured_media":140665,"comment_status":"closed","ping_status":"closed","sticky":false,"template":"","format":"standard","meta":{"footnotes":""},"categories":[18,38],"tags":[],"class_list":["post-243226","post","type-post","status-publish","format-standard","has-post-thumbnail","hentry","category-alcinopolis","category-policia"],"_links":{"self":[{"href":"https:\/\/www.ocorreionews.com.br\/acervo-correio\/index.php?rest_route=\/wp\/v2\/posts\/243226","targetHints":{"allow":["GET"]}}],"collection":[{"href":"https:\/\/www.ocorreionews.com.br\/acervo-correio\/index.php?rest_route=\/wp\/v2\/posts"}],"about":[{"href":"https:\/\/www.ocorreionews.com.br\/acervo-correio\/index.php?rest_route=\/wp\/v2\/types\/post"}],"author":[{"embeddable":true,"href":"https:\/\/www.ocorreionews.com.br\/acervo-correio\/index.php?rest_route=\/wp\/v2\/users\/5"}],"replies":[{"embeddable":true,"href":"https:\/\/www.ocorreionews.com.br\/acervo-correio\/index.php?rest_route=%2Fwp%2Fv2%2Fcomments&post=243226"}],"version-history":[{"count":1,"href":"https:\/\/www.ocorreionews.com.br\/acervo-correio\/index.php?rest_route=\/wp\/v2\/posts\/243226\/revisions"}],"predecessor-version":[{"id":243234,"href":"https:\/\/www.ocorreionews.com.br\/acervo-correio\/index.php?rest_route=\/wp\/v2\/posts\/243226\/revisions\/243234"}],"wp:featuredmedia":[{"embeddable":true,"href":"https:\/\/www.ocorreionews.com.br\/acervo-correio\/index.php?rest_route=\/wp\/v2\/media\/140665"}],"wp:attachment":[{"href":"https:\/\/www.ocorreionews.com.br\/acervo-correio\/index.php?rest_route=%2Fwp%2Fv2%2Fmedia&parent=243226"}],"wp:term":[{"taxonomy":"category","embeddable":true,"href":"https:\/\/www.ocorreionews.com.br\/acervo-correio\/index.php?rest_route=%2Fwp%2Fv2%2Fcategories&post=243226"},{"taxonomy":"post_tag","embeddable":true,"href":"https:\/\/www.ocorreionews.com.br\/acervo-correio\/index.php?rest_route=%2Fwp%2Fv2%2Ftags&post=243226"}],"curies":[{"name":"wp","href":"https:\/\/api.w.org\/{rel}","templated":true}]}}