{"id":243254,"date":"2023-06-22T07:57:10","date_gmt":"2023-06-22T11:57:10","guid":{"rendered":"https:\/\/www.ocorreionews.com.br\/acervo-correio\/?p=243254"},"modified":"2023-06-22T08:33:59","modified_gmt":"2023-06-22T12:33:59","slug":"semad-abre-cadastramento-da-patrulha-mecanizada-para-a-safra-2023-2024","status":"publish","type":"post","link":"https:\/\/www.ocorreionews.com.br\/acervo-correio\/?p=243254","title":{"rendered":"Costa Rica abre cadastramento da patrulha mecanizada para a safra 2023-2024"},"content":{"rendered":"<div class=\"ntc_area_texto_noticia sw_leitura_audio\">\n<div class=\"ntc_descricao_noticia\">\n<div class=\"ntc_cont_descricao_noticia sw_txteditor\">\n<p>A Prefeitura de Costa Rica, por meio da Secretaria Municipal de Agricultura e Desenvolvimento (SEMAD), informa que est\u00e1 aberto, at\u00e9 o dia 15 de agosto de 2023, o cadastramento da patrulha mecanizada para o Plano Safra 2023\/2024 do Programa Agro Rica. O objetivo do programa \u00e9 fornecer equipamentos e maquin\u00e1rios agr\u00edcolas para auxiliar os produtores rurais do munic\u00edpio.<\/p>\n<p>\u00c9 indispens\u00e1vel que os produtores rurais interessados fa\u00e7am o cadastro para utiliza\u00e7\u00e3o da Patrulha Mecanizada no pr\u00f3ximo ano. A documenta\u00e7\u00e3o necess\u00e1ria para o cadastramento inclui a matr\u00edcula da propriedade ou o contrato de arrendamento.<\/p>\n<p>Para serem atendidos pelo programa, os produtores devem possuir at\u00e9 4 m\u00f3dulos fiscais, que variam de um a 280 hectares, dentro do munic\u00edpio de Costa Rica. Os equipamentos dispon\u00edveis na patrulha mecanizada incluem grades, tratores, niveladora, plantadeira, ensiladeira, sementeiras e calcariadeira.<\/p>\n<p>Os interessados devem procurar a SEMAD em hor\u00e1rio comercial, de segunda a sexta-feira, na Rua Josina Garcia de Melo, 239, Centro, para realizar o cadastro. \u00c9 importante ressaltar a import\u00e2ncia do programa Agro Rica e seu objetivo de promover o desenvolvimento agr\u00edcola e o crescimento da produ\u00e7\u00e3o rural no munic\u00edpio de Costa Rica.<\/p>\n<p>O Programa Agro Rica tem como finalidade auxiliar os produtores rurais, fornecendo maquin\u00e1rios e equipamentos modernos, que contribuem para aumentar a efici\u00eancia e a produtividade no campo. Al\u00e9m disso, o programa busca promover a moderniza\u00e7\u00e3o e a sustentabilidade da agricultura local, incentivando a utiliza\u00e7\u00e3o de t\u00e9cnicas e tecnologias avan\u00e7adas.<\/p>\n<p>Com a disponibilidade da patrulha mecanizada, os produtores rurais ter\u00e3o acesso a equipamentos essenciais para suas atividades, o que facilitar\u00e1 o trabalho no campo e otimizar\u00e1 a produ\u00e7\u00e3o. Essa iniciativa visa impulsionar o setor agr\u00edcola, fortalecendo a economia local e garantindo a gera\u00e7\u00e3o de empregos e renda para a popula\u00e7\u00e3o.<\/p>\n<p>O gestor da pasta, Fernando Barbosa Martins, ressalta a import\u00e2ncia do cadastramento da patrulha mecanizada plano safra 2023\/2024 do Programa Agro Rica e convida todos os produtores rurais interessados a realizar o cadastro dentro do prazo estabelecido. \u201cEssa \u00e9 uma oportunidade \u00fanica de contar com equipamentos modernos e de qualidade para impulsionar a produ\u00e7\u00e3o agr\u00edcola e promover o desenvolvimento sustent\u00e1vel do munic\u00edpio\u201d, destaca.<\/p>\n<\/div>\n<div class=\"ntc_area_info_noticia sw_lato\">\n<div>\n<div class=\"ntc_info_noticia\"><strong class=\"sw_lato_black\">Fonte: <\/strong>Assessoria de Comunica\u00e7\u00e3o &#8211; PMCR<\/div>\n<div class=\"ntc_info_noticia\"><strong class=\"sw_lato_black\">Autor: <\/strong>Silvestre de Castro &#8211; Jornalista e Radialista<\/div>\n<\/div>\n<\/div>\n<\/div>\n<\/div>\n","protected":false},"excerpt":{"rendered":"<p>A Prefeitura de Costa Rica, por meio da Secretaria Municipal de Agricultura e Desenvolvimento (SEMAD), informa que est\u00e1 aberto, at\u00e9 o dia 15 de agosto de 2023, o cadastramento da patrulha mecanizada para o Plano Safra 2023\/2024 do Programa Agro Rica. O objetivo do programa \u00e9 fornecer equipamentos e maquin\u00e1rios agr\u00edcolas para auxiliar os produtores [&hellip;]<\/p>\n","protected":false},"author":4,"featured_media":243259,"comment_status":"closed","ping_status":"closed","sticky":false,"template":"","format":"standard","meta":{"footnotes":""},"categories":[25],"tags":[],"class_list":["post-243254","post","type-post","status-publish","format-standard","has-post-thumbnail","hentry","category-costa-rica"],"_links":{"self":[{"href":"https:\/\/www.ocorreionews.com.br\/acervo-correio\/index.php?rest_route=\/wp\/v2\/posts\/243254","targetHints":{"allow":["GET"]}}],"collection":[{"href":"https:\/\/www.ocorreionews.com.br\/acervo-correio\/index.php?rest_route=\/wp\/v2\/posts"}],"about":[{"href":"https:\/\/www.ocorreionews.com.br\/acervo-correio\/index.php?rest_route=\/wp\/v2\/types\/post"}],"author":[{"embeddable":true,"href":"https:\/\/www.ocorreionews.com.br\/acervo-correio\/index.php?rest_route=\/wp\/v2\/users\/4"}],"replies":[{"embeddable":true,"href":"https:\/\/www.ocorreionews.com.br\/acervo-correio\/index.php?rest_route=%2Fwp%2Fv2%2Fcomments&post=243254"}],"version-history":[{"count":1,"href":"https:\/\/www.ocorreionews.com.br\/acervo-correio\/index.php?rest_route=\/wp\/v2\/posts\/243254\/revisions"}],"predecessor-version":[{"id":243280,"href":"https:\/\/www.ocorreionews.com.br\/acervo-correio\/index.php?rest_route=\/wp\/v2\/posts\/243254\/revisions\/243280"}],"wp:featuredmedia":[{"embeddable":true,"href":"https:\/\/www.ocorreionews.com.br\/acervo-correio\/index.php?rest_route=\/wp\/v2\/media\/243259"}],"wp:attachment":[{"href":"https:\/\/www.ocorreionews.com.br\/acervo-correio\/index.php?rest_route=%2Fwp%2Fv2%2Fmedia&parent=243254"}],"wp:term":[{"taxonomy":"category","embeddable":true,"href":"https:\/\/www.ocorreionews.com.br\/acervo-correio\/index.php?rest_route=%2Fwp%2Fv2%2Fcategories&post=243254"},{"taxonomy":"post_tag","embeddable":true,"href":"https:\/\/www.ocorreionews.com.br\/acervo-correio\/index.php?rest_route=%2Fwp%2Fv2%2Ftags&post=243254"}],"curies":[{"name":"wp","href":"https:\/\/api.w.org\/{rel}","templated":true}]}}