{"id":243256,"date":"2023-06-22T07:53:05","date_gmt":"2023-06-22T11:53:05","guid":{"rendered":"https:\/\/www.ocorreionews.com.br\/acervo-correio\/?p=243256"},"modified":"2023-06-22T10:04:28","modified_gmt":"2023-06-22T14:04:28","slug":"vereadores-de-paraiso-solicitaram-redutores-de-velocidade-na-ms-316","status":"publish","type":"post","link":"https:\/\/www.ocorreionews.com.br\/acervo-correio\/?p=243256","title":{"rendered":"Vereadores de Para\u00edso solicitaram redutores de velocidade na MS 316"},"content":{"rendered":"<p><span style=\"font-size: 12pt;\">Os vereadores Edson da Oficina, Prof. Leonardo, Tuta e Carrerinha estiveram na Ag\u00eancia Estadual de Gest\u00e3o de Empreendimentos (Agesul), reunidos com o diretor de Suporte e Manuten\u00e7\u00e3o Vi\u00e1ria Francisco de Assis Cassund\u00e9 Ferreira, por interm\u00e9dio do deputado Federal Beto Pereira (PSDB), com o objetivo de solicitar a viabilidade de instala\u00e7\u00e3o de redutores de velocidade no trecho da MS 316, na sa\u00edda de Para\u00edso das \u00c1guas, sentido ao distrito de Pouso Alto.\u00a0<\/span><\/p>\n<p><span style=\"font-size: 12pt;\">Este pedido deve-se ao fato de que h\u00e1 grande movimento de caminh\u00f5es e ve\u00edculos, principalmente pesados, e que em certas ocasi\u00f5es transitam em alta velocidade.<\/span><\/p>\n<p><span style=\"font-size: 12pt;\">Vale ressaltar que naquele trecho j\u00e1 encontram-se com\u00e9rcios, um novo loteamento, entrada de acesso ao Bairro Jardim do \u00c9den, al\u00e9m de pessoas utilizarem aquela avenida para a pr\u00e1tica de caminhadas e exerc\u00edcios f\u00edsicos.<\/span><\/p>\n<p><span style=\"font-size: 12pt;\">Francisco se demostrou preocupado devido a realidade exposta e disse que em breve solicitar\u00e1 uma visita da equipe t\u00e9cnica da AGESUL para analisarem e tomarem a melhor alternativa de infraestrutura para cuidar da seguran\u00e7a dos motoristas e de nossa popula\u00e7\u00e3o, frente a solicita\u00e7\u00e3o pretendida.<\/span><\/p>\n<p><span style=\"font-size: 12pt;\">&#8220;Queremos agradecer ao Andr\u00e9 Lacerda, Assessor do Deputado Federal Beto Pereira que agendou e nos acompanhou nesta importante reuni\u00e3o&#8221;, destacou o presidente do Legislativo Municipal, Vereador Edson da Oficina.<\/span><\/p>\n<p>&nbsp;<\/p>\n<p>&nbsp;<\/p>\n<p><span style=\"font-size: 12pt;\">BNCNoticias<\/span><\/p>\n","protected":false},"excerpt":{"rendered":"<p>Os vereadores Edson da Oficina, Prof. Leonardo, Tuta e Carrerinha estiveram na Ag\u00eancia Estadual de Gest\u00e3o de Empreendimentos (Agesul), reunidos com o diretor de Suporte e Manuten\u00e7\u00e3o Vi\u00e1ria Francisco de Assis Cassund\u00e9 Ferreira, por interm\u00e9dio do deputado Federal Beto Pereira (PSDB), com o objetivo de solicitar a viabilidade de instala\u00e7\u00e3o de redutores de velocidade no [&hellip;]<\/p>\n","protected":false},"author":4,"featured_media":243316,"comment_status":"closed","ping_status":"closed","sticky":false,"template":"","format":"standard","meta":{"footnotes":""},"categories":[20,36],"tags":[],"class_list":["post-243256","post","type-post","status-publish","format-standard","has-post-thumbnail","hentry","category-camara-municipal","category-paraiso-das-aguas"],"_links":{"self":[{"href":"https:\/\/www.ocorreionews.com.br\/acervo-correio\/index.php?rest_route=\/wp\/v2\/posts\/243256","targetHints":{"allow":["GET"]}}],"collection":[{"href":"https:\/\/www.ocorreionews.com.br\/acervo-correio\/index.php?rest_route=\/wp\/v2\/posts"}],"about":[{"href":"https:\/\/www.ocorreionews.com.br\/acervo-correio\/index.php?rest_route=\/wp\/v2\/types\/post"}],"author":[{"embeddable":true,"href":"https:\/\/www.ocorreionews.com.br\/acervo-correio\/index.php?rest_route=\/wp\/v2\/users\/4"}],"replies":[{"embeddable":true,"href":"https:\/\/www.ocorreionews.com.br\/acervo-correio\/index.php?rest_route=%2Fwp%2Fv2%2Fcomments&post=243256"}],"version-history":[{"count":1,"href":"https:\/\/www.ocorreionews.com.br\/acervo-correio\/index.php?rest_route=\/wp\/v2\/posts\/243256\/revisions"}],"predecessor-version":[{"id":243318,"href":"https:\/\/www.ocorreionews.com.br\/acervo-correio\/index.php?rest_route=\/wp\/v2\/posts\/243256\/revisions\/243318"}],"wp:featuredmedia":[{"embeddable":true,"href":"https:\/\/www.ocorreionews.com.br\/acervo-correio\/index.php?rest_route=\/wp\/v2\/media\/243316"}],"wp:attachment":[{"href":"https:\/\/www.ocorreionews.com.br\/acervo-correio\/index.php?rest_route=%2Fwp%2Fv2%2Fmedia&parent=243256"}],"wp:term":[{"taxonomy":"category","embeddable":true,"href":"https:\/\/www.ocorreionews.com.br\/acervo-correio\/index.php?rest_route=%2Fwp%2Fv2%2Fcategories&post=243256"},{"taxonomy":"post_tag","embeddable":true,"href":"https:\/\/www.ocorreionews.com.br\/acervo-correio\/index.php?rest_route=%2Fwp%2Fv2%2Ftags&post=243256"}],"curies":[{"name":"wp","href":"https:\/\/api.w.org\/{rel}","templated":true}]}}