{"id":243263,"date":"2023-06-22T08:15:56","date_gmt":"2023-06-22T12:15:56","guid":{"rendered":"https:\/\/www.ocorreionews.com.br\/acervo-correio\/?p=243263"},"modified":"2023-06-22T08:15:56","modified_gmt":"2023-06-22T12:15:56","slug":"senado-aprova-indicacao-de-cristiano-zanin-advogado-pessoal-do-presidente-lula-para-o-stf","status":"publish","type":"post","link":"https:\/\/www.ocorreionews.com.br\/acervo-correio\/?p=243263","title":{"rendered":"Senado aprova indica\u00e7\u00e3o de Cristiano Zanin advogado pessoal do presidente Lula para o STF"},"content":{"rendered":"<p>O plen\u00e1rio do Senado aprovou nesta quarta-feira (21) por 58 votos favor\u00e1veis e 18 contr\u00e1rios a indica\u00e7\u00e3o do advogado Cristiano Zanin para o Supremo Tribunal Federal (STF).<\/p>\n<p>Futuro novo ministro indicado pelo presidente Luiz In\u00e1cio Lula da Silva para ocupar a vaga deixada por Ricardo Lewandowski, Zanin foi aprovado pelos congressistas ap\u00f3s quase oito horas de sabatina na Comiss\u00e3o de Constitui\u00e7\u00e3o e Justi\u00e7a (CCJ).<\/p>\n<p>Ao abrir a sabatina, Cristiano Zanin falou por 26 minutos para se apresentar aos parlamentares. Na ocasi\u00e3o, disse que se sente seguro e com a experi\u00eancia necess\u00e1ria para atuar no STF e julgar temas relevantes e de extremo impacto \u00e0 sociedade.<\/p>\n<p>\u201cSempre nas minhas atua\u00e7\u00f5es no Direito segui as premissas an\u00e1logas a de um juiz, ao me manter em equil\u00edbrio emocional e intelectual, mesmo nas horas de grandes desafios, ter senso de justi\u00e7a sem nunca desacreditar nas leis e nas institui\u00e7\u00f5es brasileiras e seguir com independ\u00eancia de atua\u00e7\u00e3o para garantir justi\u00e7a num pa\u00eds com pilares democr\u00e1ticos s\u00f3lidos, como \u00e9 o Brasil\u201d.<\/p>\n<p>Em um breve resumo da pr\u00f3pria carreira, citou os escrit\u00f3rios em que trabalhou e concluiu que se considera \u201cum defensor fervoroso da Constitui\u00e7\u00e3o brasileira e um cr\u00edtico atento \u00e0s viola\u00e7\u00f5es de direitos e garantias fundamentais\u201d. Lembrou tamb\u00e9m que, nos 25 anos como advogado, liderou mais de cem processos julgados no STF e mais de 550 julgados no Superior Tribunal de Justi\u00e7a (STJ).<\/p>\n<p>&nbsp;<\/p>\n<p>&nbsp;<\/p>\n<p>*Ag\u00eancia Brasil<\/p>\n","protected":false},"excerpt":{"rendered":"<p>O plen\u00e1rio do Senado aprovou nesta quarta-feira (21) por 58 votos favor\u00e1veis e 18 contr\u00e1rios a indica\u00e7\u00e3o do advogado Cristiano Zanin para o Supremo Tribunal Federal (STF). Futuro novo ministro indicado pelo presidente Luiz In\u00e1cio Lula da Silva para ocupar a vaga deixada por Ricardo Lewandowski, Zanin foi aprovado pelos congressistas ap\u00f3s quase oito horas [&hellip;]<\/p>\n","protected":false},"author":5,"featured_media":243264,"comment_status":"closed","ping_status":"closed","sticky":false,"template":"","format":"standard","meta":{"footnotes":""},"categories":[37],"tags":[],"class_list":["post-243263","post","type-post","status-publish","format-standard","has-post-thumbnail","hentry","category-politica"],"_links":{"self":[{"href":"https:\/\/www.ocorreionews.com.br\/acervo-correio\/index.php?rest_route=\/wp\/v2\/posts\/243263","targetHints":{"allow":["GET"]}}],"collection":[{"href":"https:\/\/www.ocorreionews.com.br\/acervo-correio\/index.php?rest_route=\/wp\/v2\/posts"}],"about":[{"href":"https:\/\/www.ocorreionews.com.br\/acervo-correio\/index.php?rest_route=\/wp\/v2\/types\/post"}],"author":[{"embeddable":true,"href":"https:\/\/www.ocorreionews.com.br\/acervo-correio\/index.php?rest_route=\/wp\/v2\/users\/5"}],"replies":[{"embeddable":true,"href":"https:\/\/www.ocorreionews.com.br\/acervo-correio\/index.php?rest_route=%2Fwp%2Fv2%2Fcomments&post=243263"}],"version-history":[{"count":1,"href":"https:\/\/www.ocorreionews.com.br\/acervo-correio\/index.php?rest_route=\/wp\/v2\/posts\/243263\/revisions"}],"predecessor-version":[{"id":243265,"href":"https:\/\/www.ocorreionews.com.br\/acervo-correio\/index.php?rest_route=\/wp\/v2\/posts\/243263\/revisions\/243265"}],"wp:featuredmedia":[{"embeddable":true,"href":"https:\/\/www.ocorreionews.com.br\/acervo-correio\/index.php?rest_route=\/wp\/v2\/media\/243264"}],"wp:attachment":[{"href":"https:\/\/www.ocorreionews.com.br\/acervo-correio\/index.php?rest_route=%2Fwp%2Fv2%2Fmedia&parent=243263"}],"wp:term":[{"taxonomy":"category","embeddable":true,"href":"https:\/\/www.ocorreionews.com.br\/acervo-correio\/index.php?rest_route=%2Fwp%2Fv2%2Fcategories&post=243263"},{"taxonomy":"post_tag","embeddable":true,"href":"https:\/\/www.ocorreionews.com.br\/acervo-correio\/index.php?rest_route=%2Fwp%2Fv2%2Ftags&post=243263"}],"curies":[{"name":"wp","href":"https:\/\/api.w.org\/{rel}","templated":true}]}}