{"id":243267,"date":"2023-06-22T08:35:59","date_gmt":"2023-06-22T12:35:59","guid":{"rendered":"https:\/\/www.ocorreionews.com.br\/acervo-correio\/?p=243267"},"modified":"2023-06-22T08:35:59","modified_gmt":"2023-06-22T12:35:59","slug":"lions-clube-fez-doacao-de-lixeiras-para-parque-ecologico","status":"publish","type":"post","link":"https:\/\/www.ocorreionews.com.br\/acervo-correio\/?p=243267","title":{"rendered":"Lions Clube fez doa\u00e7\u00e3o de lixeiras para Parque Ecol\u00f3gico"},"content":{"rendered":"<section class=\"elementor-section elementor-inner-section elementor-element elementor-element-5fc4e07 elementor-section-boxed elementor-section-height-default elementor-section-height-default\" data-id=\"5fc4e07\" data-element_type=\"section\" data-settings=\"{&quot;jet_parallax_layout_list&quot;:[{&quot;jet_parallax_layout_image&quot;:{&quot;url&quot;:&quot;&quot;,&quot;id&quot;:&quot;&quot;},&quot;_id&quot;:&quot;9ac554b&quot;,&quot;jet_parallax_layout_image_tablet&quot;:{&quot;url&quot;:&quot;&quot;,&quot;id&quot;:&quot;&quot;},&quot;jet_parallax_layout_image_mobile&quot;:{&quot;url&quot;:&quot;&quot;,&quot;id&quot;:&quot;&quot;},&quot;jet_parallax_layout_speed&quot;:{&quot;unit&quot;:&quot;%&quot;,&quot;size&quot;:50,&quot;sizes&quot;:[]},&quot;jet_parallax_layout_type&quot;:&quot;scroll&quot;,&quot;jet_parallax_layout_direction&quot;:null,&quot;jet_parallax_layout_fx_direction&quot;:null,&quot;jet_parallax_layout_z_index&quot;:&quot;&quot;,&quot;jet_parallax_layout_bg_x&quot;:50,&quot;jet_parallax_layout_bg_x_tablet&quot;:&quot;&quot;,&quot;jet_parallax_layout_bg_x_mobile&quot;:&quot;&quot;,&quot;jet_parallax_layout_bg_y&quot;:50,&quot;jet_parallax_layout_bg_y_tablet&quot;:&quot;&quot;,&quot;jet_parallax_layout_bg_y_mobile&quot;:&quot;&quot;,&quot;jet_parallax_layout_bg_size&quot;:&quot;auto&quot;,&quot;jet_parallax_layout_bg_size_tablet&quot;:&quot;&quot;,&quot;jet_parallax_layout_bg_size_mobile&quot;:&quot;&quot;,&quot;jet_parallax_layout_animation_prop&quot;:&quot;transform&quot;,&quot;jet_parallax_layout_on&quot;:[&quot;desktop&quot;,&quot;tablet&quot;]}]}\">\n<div class=\"elementor-container elementor-column-gap-default\">\n<div class=\"elementor-row\">\n<div class=\"elementor-column elementor-col-50 elementor-inner-column elementor-element elementor-element-f3a88c6\" data-id=\"f3a88c6\" data-element_type=\"column\">\n<div class=\"elementor-column-wrap elementor-element-populated\">\n<div class=\"elementor-widget-wrap\">\n<div class=\"elementor-element elementor-element-d77ec93 elementor-widget elementor-widget-theme-post-content\" data-id=\"d77ec93\" data-element_type=\"widget\" data-widget_type=\"theme-post-content.default\">\n<div class=\"elementor-widget-container\">\n<p>O Lions Clube de Chapad\u00e3o do Sul doou duas lixeiras para serem instaladas no Parque Ecol\u00f3gico, localizado ao lado do Col\u00e9gio Maper. A entidade presta relevantes servi\u00e7os \u00e0 entidades sul-chapadenses e promove a\u00e7\u00f5es de cunho social em v\u00e1rias \u00e1reas como doa\u00e7\u00f5es de cestas b\u00e1sicas \u00e0 pessoas em vulnerabilidade social e campanhas \u00e0 entidades filantr\u00f3picas como a APAE. Os Leoninos contam com apoio da sociedade local. A cidade tem a marca da solidariedade e sempre contribui.<\/p>\n<p>J\u00e1 o Parque Ecol\u00f3gico est\u00e1 cada vez mais exuberante. Crian\u00e7as de escolas da cidade, jovens e adultos j\u00e1 tornaram-se frequentadores habituais. A cada postagem as \u00e1rvores est\u00e3o maiores, diversificadas e o ambiente cada vez mais apraz\u00edvel.\u00a0 Estes alunos que s\u00e3o levados para passear num local voltado \u00e0 preserva\u00e7\u00e3o do\u00a0 meio ambiente que ser\u00e1 parte de suas vidas no futuro, quando seus pais j\u00e1 n\u00e3o estiverem mais aqui. Trata-se de um legado cuja iniciativa merece ser destacada em meio ao desenvolvimento econ\u00f4mico e social inerente \u00e0 todas as cidades que crescem sem deixar um espa\u00e7o para \u00e1rvores e animais.<\/p>\n<p>A natureza\u00a0 segue atuando no crescimento das mais de 2,5 mil mudas de \u00e1rvores nativas distribu\u00eddas no local. J\u00e1 \u00e9 poss\u00edvel ver p\u00e1ssaros e logo o bioma se completar\u00e1 de forma harm\u00f4nica. Madeiras retiradas de v\u00e1rios pontos da cidade s\u00e3o transformadas em bancos ecologicamente reaproveitados.<\/p>\n<p>Futuramente receber\u00e1 ilumina\u00e7\u00e3o externa e seguran\u00e7a. Por hora funcion\u00e1rios da secretaria de obras seguem trabalhando na formata\u00e7\u00e3o de uma ideia que j\u00e1 \u00e9 uma realidade. O reflorestamento j\u00e1 foi conclu\u00eddo e o \u00a0empreendimento tem \u00e0 frente Jaqueline Portes, T\u00e9cnica em Meio Ambiente, e profunda conhecedora do assunto. Por v\u00e1rios anos ela faz a cata\u00e7\u00e3o de sementes pela regi\u00e3o para fazer mudas no Viveiro Municipal.<\/p>\n<p>Segundo Jaqueline Portes o Parque Ecol\u00f3gico j\u00e1 atrai p\u00e1ssaros e pequenos animais cujo habitat segue cada vez mais reduzido em Chapad\u00e3o do Sul. Entre as esp\u00e9cies plantadas est\u00e3o cajueiros, jabuticabeiras entre outras. As frutas alimentam a fauna e torna o local um \u201claborat\u00f3rio \u00e0 c\u00e9u\u00a0 aberto\u201d para crian\u00e7as, alunos das escolas e acad\u00eamicos usarem em futuras pesquisas e aulas pr\u00e1ticas sobre o bioma do cerrado.\u00a0 O \u201cPulm\u00e3o Verde\u201d vem sendo constru\u00eddo h\u00e1 mais de 6 anos na Rua F (Bairro esperan\u00e7a).<\/p>\n<p><strong>BIOMA LOCAL AO ALCANCE DE TODOS <\/strong>\u2013 A segunda etapa do empreendimento foi dividir o Parque Ecol\u00f3gico em setores com \u201cilhas\u201d usadas por crian\u00e7as\u00a0 e alunos das redes p\u00fablica e particular de educa\u00e7\u00e3o em aulas pr\u00e1ticas sobre o meio ambiente.\u00a0 Acad\u00eamicos tamb\u00e9m poder\u00e3o estudar o solo, sua composi\u00e7\u00e3o,\u00a0 e a rela\u00e7\u00e3o com plantas nativas, ervas daninhas e uma an\u00e1lise mais aprofundada sobre a correta explora\u00e7\u00e3o das sementes<\/p>\n<p><strong>MAIS DE 2,5 MIL MUDAS<\/strong> \u2013 O trabalho \u00e9 cont\u00ednuo e mais de duas mil plantas frut\u00edferas e flor\u00edferas \u2013 todas nativas \u2013 foram colocadas numa \u00e1rea de excelente localiza\u00e7\u00e3o e futuro santu\u00e1rio natural da cidade.\u00a0 \u00c0 medida que as cidades se expandem a quest\u00e3o ambiental ganha mais for\u00e7a, estando presente em debates\u00a0 da sociedade tal qual o desenvolvimento econ\u00f4mico, a desigualdade social, a sustentabilidade, entre outros. O grande questionamento que fica em Chapad\u00e3o do Sul \u00e9 o fato de pessoas ainda jogarem lixo nas ruas da cidade onde moram. Literalmente seria como descartar entulhos na sala enquanto se fala em construir um Parque Ecol\u00f3gico destinado a melhorar a qualidade\u00a0 de vida de todos.<\/p>\n<figure class=\"wp-block-gallery has-nested-images columns-default is-cropped wp-block-gallery-1 is-layout-flex\">\n<figure class=\"wp-block-image size-large\"><img loading=\"lazy\" decoding=\"async\" class=\"wp-image-59241\" src=\"https:\/\/chapadensenews.com.br\/wp-content\/uploads\/2023\/06\/1f4a3e8e-0843-40a3-a5fc-989e2d6f0f7e.jpg\" sizes=\"auto, (max-width: 1600px) 100vw, 1600px\" srcset=\"https:\/\/chapadensenews.com.br\/wp-content\/uploads\/2023\/06\/1f4a3e8e-0843-40a3-a5fc-989e2d6f0f7e.jpg 1600w, https:\/\/chapadensenews.com.br\/wp-content\/uploads\/2023\/06\/1f4a3e8e-0843-40a3-a5fc-989e2d6f0f7e-1260x945.jpg 1260w, https:\/\/chapadensenews.com.br\/wp-content\/uploads\/2023\/06\/1f4a3e8e-0843-40a3-a5fc-989e2d6f0f7e-768x576.jpg 768w, https:\/\/chapadensenews.com.br\/wp-content\/uploads\/2023\/06\/1f4a3e8e-0843-40a3-a5fc-989e2d6f0f7e-1536x1152.jpg 1536w\" alt=\"\" width=\"1600\" height=\"1200\" data-id=\"59241\" \/><\/figure>\n<figure class=\"wp-block-image size-large\"><img loading=\"lazy\" decoding=\"async\" class=\"wp-image-59239\" src=\"https:\/\/chapadensenews.com.br\/wp-content\/uploads\/2023\/06\/4e8a50bd-732a-4d82-b6f1-6aeb4d47756c.jpg\" sizes=\"auto, (max-width: 1600px) 100vw, 1600px\" srcset=\"https:\/\/chapadensenews.com.br\/wp-content\/uploads\/2023\/06\/4e8a50bd-732a-4d82-b6f1-6aeb4d47756c.jpg 1600w, https:\/\/chapadensenews.com.br\/wp-content\/uploads\/2023\/06\/4e8a50bd-732a-4d82-b6f1-6aeb4d47756c-1260x945.jpg 1260w, https:\/\/chapadensenews.com.br\/wp-content\/uploads\/2023\/06\/4e8a50bd-732a-4d82-b6f1-6aeb4d47756c-768x576.jpg 768w, https:\/\/chapadensenews.com.br\/wp-content\/uploads\/2023\/06\/4e8a50bd-732a-4d82-b6f1-6aeb4d47756c-1536x1152.jpg 1536w\" alt=\"\" width=\"1600\" height=\"1200\" data-id=\"59239\" \/><\/figure>\n<figure class=\"wp-block-image size-large\"><img loading=\"lazy\" decoding=\"async\" class=\"wp-image-59238\" src=\"https:\/\/chapadensenews.com.br\/wp-content\/uploads\/2023\/06\/31c051da-f9bb-47ae-9a3b-7ec66227d786.jpg\" sizes=\"auto, (max-width: 1599px) 100vw, 1599px\" srcset=\"https:\/\/chapadensenews.com.br\/wp-content\/uploads\/2023\/06\/31c051da-f9bb-47ae-9a3b-7ec66227d786.jpg 1599w, https:\/\/chapadensenews.com.br\/wp-content\/uploads\/2023\/06\/31c051da-f9bb-47ae-9a3b-7ec66227d786-1260x708.jpg 1260w, https:\/\/chapadensenews.com.br\/wp-content\/uploads\/2023\/06\/31c051da-f9bb-47ae-9a3b-7ec66227d786-768x432.jpg 768w, https:\/\/chapadensenews.com.br\/wp-content\/uploads\/2023\/06\/31c051da-f9bb-47ae-9a3b-7ec66227d786-1536x864.jpg 1536w\" alt=\"\" width=\"1599\" height=\"899\" data-id=\"59238\" \/><\/figure>\n<figure class=\"wp-block-image size-large\"><img loading=\"lazy\" decoding=\"async\" class=\"wp-image-59240\" src=\"https:\/\/chapadensenews.com.br\/wp-content\/uploads\/2023\/06\/e860eee9-e1b3-46f4-960c-70072f7f1136.jpg\" sizes=\"auto, (max-width: 1600px) 100vw, 1600px\" srcset=\"https:\/\/chapadensenews.com.br\/wp-content\/uploads\/2023\/06\/e860eee9-e1b3-46f4-960c-70072f7f1136.jpg 1600w, https:\/\/chapadensenews.com.br\/wp-content\/uploads\/2023\/06\/e860eee9-e1b3-46f4-960c-70072f7f1136-1260x945.jpg 1260w, https:\/\/chapadensenews.com.br\/wp-content\/uploads\/2023\/06\/e860eee9-e1b3-46f4-960c-70072f7f1136-768x576.jpg 768w, https:\/\/chapadensenews.com.br\/wp-content\/uploads\/2023\/06\/e860eee9-e1b3-46f4-960c-70072f7f1136-1536x1152.jpg 1536w\" alt=\"\" width=\"1600\" height=\"1200\" data-id=\"59240\" \/><\/figure>\n<\/figure>\n<figure class=\"wp-block-image\"><\/figure>\n<\/div>\n<\/div>\n<div class=\"elementor-element elementor-element-bb6f887 elementor-grid-mobile-0 elementor-share-buttons--view-icon-text elementor-share-buttons--skin-gradient elementor-share-buttons--shape-square elementor-grid-0 elementor-share-buttons--color-official elementor-widget elementor-widget-share-buttons\" data-id=\"bb6f887\" data-element_type=\"widget\" data-widget_type=\"share-buttons.default\">\n<div class=\"elementor-widget-container\">\n<div class=\"elementor-grid\">\n<div class=\"elementor-grid-item\"><\/div>\n<\/div>\n<\/div>\n<\/div>\n<\/div>\n<\/div>\n<\/div>\n<div class=\"elementor-column elementor-col-50 elementor-inner-column elementor-element elementor-element-6b0e200\" data-id=\"6b0e200\" data-element_type=\"column\">\n<div class=\"elementor-column-wrap elementor-element-populated\">\n<div class=\"elementor-widget-wrap\">\n<div class=\"elementor-element elementor-element-cc26141 elementor-align-justify elementor-widget elementor-widget-button\" data-id=\"cc26141\" data-element_type=\"widget\" data-widget_type=\"button.default\">\n<div class=\"elementor-widget-container\">\n<div class=\"elementor-button-wrapper\">chapadensenews<\/div>\n<\/div>\n<\/div>\n<\/div>\n<\/div>\n<\/div>\n<\/div>\n<\/div>\n<\/section>\n<div class=\"elementor-element elementor-element-8c62ebe elementor-widget elementor-widget-facebook-comments\" data-id=\"8c62ebe\" data-element_type=\"widget\" data-widget_type=\"facebook-comments.default\">\n<div class=\"elementor-widget-container\">\n<div class=\"elementor-facebook-widget fb-comments fb_iframe_widget fb_iframe_widget_fluid_desktop\" data-href=\"https:\/\/chapadensenews.com.br?p=59236\" data-width=\"100%\" data-numposts=\"10\" data-order-by=\"social\"><\/div>\n<\/div>\n<\/div>\n","protected":false},"excerpt":{"rendered":"<p>O Lions Clube de Chapad\u00e3o do Sul doou duas lixeiras para serem instaladas no Parque Ecol\u00f3gico, localizado ao lado do Col\u00e9gio Maper. A entidade presta relevantes servi\u00e7os \u00e0 entidades sul-chapadenses e promove a\u00e7\u00f5es de cunho social em v\u00e1rias \u00e1reas como doa\u00e7\u00f5es de cestas b\u00e1sicas \u00e0 pessoas em vulnerabilidade social e campanhas \u00e0 entidades filantr\u00f3picas como [&hellip;]<\/p>\n","protected":false},"author":4,"featured_media":243282,"comment_status":"closed","ping_status":"closed","sticky":false,"template":"","format":"standard","meta":{"footnotes":""},"categories":[23],"tags":[],"class_list":["post-243267","post","type-post","status-publish","format-standard","has-post-thumbnail","hentry","category-chapadao-do-sul"],"_links":{"self":[{"href":"https:\/\/www.ocorreionews.com.br\/acervo-correio\/index.php?rest_route=\/wp\/v2\/posts\/243267","targetHints":{"allow":["GET"]}}],"collection":[{"href":"https:\/\/www.ocorreionews.com.br\/acervo-correio\/index.php?rest_route=\/wp\/v2\/posts"}],"about":[{"href":"https:\/\/www.ocorreionews.com.br\/acervo-correio\/index.php?rest_route=\/wp\/v2\/types\/post"}],"author":[{"embeddable":true,"href":"https:\/\/www.ocorreionews.com.br\/acervo-correio\/index.php?rest_route=\/wp\/v2\/users\/4"}],"replies":[{"embeddable":true,"href":"https:\/\/www.ocorreionews.com.br\/acervo-correio\/index.php?rest_route=%2Fwp%2Fv2%2Fcomments&post=243267"}],"version-history":[{"count":1,"href":"https:\/\/www.ocorreionews.com.br\/acervo-correio\/index.php?rest_route=\/wp\/v2\/posts\/243267\/revisions"}],"predecessor-version":[{"id":243284,"href":"https:\/\/www.ocorreionews.com.br\/acervo-correio\/index.php?rest_route=\/wp\/v2\/posts\/243267\/revisions\/243284"}],"wp:featuredmedia":[{"embeddable":true,"href":"https:\/\/www.ocorreionews.com.br\/acervo-correio\/index.php?rest_route=\/wp\/v2\/media\/243282"}],"wp:attachment":[{"href":"https:\/\/www.ocorreionews.com.br\/acervo-correio\/index.php?rest_route=%2Fwp%2Fv2%2Fmedia&parent=243267"}],"wp:term":[{"taxonomy":"category","embeddable":true,"href":"https:\/\/www.ocorreionews.com.br\/acervo-correio\/index.php?rest_route=%2Fwp%2Fv2%2Fcategories&post=243267"},{"taxonomy":"post_tag","embeddable":true,"href":"https:\/\/www.ocorreionews.com.br\/acervo-correio\/index.php?rest_route=%2Fwp%2Fv2%2Ftags&post=243267"}],"curies":[{"name":"wp","href":"https:\/\/api.w.org\/{rel}","templated":true}]}}