{"id":243274,"date":"2023-06-22T08:29:34","date_gmt":"2023-06-22T12:29:34","guid":{"rendered":"https:\/\/www.ocorreionews.com.br\/acervo-correio\/?p=243274"},"modified":"2023-06-22T08:31:00","modified_gmt":"2023-06-22T12:31:00","slug":"vigilancia-em-saude-divulga-escala-de-atendimentos-do-castramovel-para-julho-em-costa-rica","status":"publish","type":"post","link":"https:\/\/www.ocorreionews.com.br\/acervo-correio\/?p=243274","title":{"rendered":"Vigil\u00e2ncia em Sa\u00fade divulga escala de atendimentos do Castram\u00f3vel para julho em Costa Rica"},"content":{"rendered":"<div class=\"ntc_cont_descricao_noticia sw_txteditor\">\n<p>O Munic\u00edpio de Costa Rica, por meio da Coordena\u00e7\u00e3o de Vigil\u00e2ncia em Sa\u00fade, divulgou nesta quarta-feira (21) a escala de atendimentos da unidade m\u00f3vel de aten\u00e7\u00e3o \u00e0 sa\u00fade animal, mais conhecida como Castram\u00f3vel, para a \u00faltima semana de junho e o m\u00eas de julho. O ve\u00edculo atender\u00e1 em anexo \u00e0s Unidades de Sa\u00fade dos bairros.<\/p>\n<p>O servi\u00e7o ir\u00e1 atender somente c\u00e3es e gatos machos com mais de seis meses de idade. Os procedimentos ser\u00e3o feitos mediante a agendamento na recep\u00e7\u00e3o das Unidades de Sa\u00fade por telefone ou de forma presencial.<\/p>\n<p>Conforme a coordenadora da Vigil\u00e2ncia em Sa\u00fade, Laura Viviane Gomes de Oliveira Rodrigues, o servi\u00e7o visa conscientizar a popula\u00e7\u00e3o sobre a import\u00e2ncia do controle da natalidade, assim como previne maus tratos e abandono dos animais de estima\u00e7\u00e3o.<\/p>\n<p>\u201cO Castram\u00f3vel tem se mostrado uma ferramenta fundamental para o controle da natalidade e para a promo\u00e7\u00e3o do bem-estar dos animais de estima\u00e7\u00e3o em Costa Rica. A iniciativa contribui para evitar a superpopula\u00e7\u00e3o de animais, reduzindo assim a incid\u00eancia de abandono e maus tratos\u201d, destaca.<\/p>\n<p>Confira abaixo a escala de atendimento em cada unidade e o telefone para contato:<\/p>\n<ul>\n<li><strong>ESF VALE DO AMANHECER \/ (67) 999584250\u00a0 &#8211; 26 A 30\/06<\/strong><\/li>\n<li><strong>ESF SONHO MEU III \/ (67) 996605795 &#8211; 03 A 07\/07<\/strong><\/li>\n<li><strong>ESF CENTRAL \/ (67) 996304224 &#8211; 10 A 14\/07<\/strong><\/li>\n<li><strong>ESF VILA NUNES\/ (67) 3247-6970 &#8211; 17 A 21\/07<\/strong><\/li>\n<li><strong>ESF S\u00c3O FRANCISCO \/ (67) 3247-6915 ou (67) 9 96156350 &#8211; 24 A 28\/07<\/strong><\/li>\n<\/ul>\n<p>O calend\u00e1rio poder\u00e1 sofrer altera\u00e7\u00f5es conforme a demanda de atendimentos.<\/p>\n<\/div>\n<p>&nbsp;<\/p>\n<p>&nbsp;<\/p>\n<div class=\"ntc_area_info_noticia sw_lato\">\n<div>\n<div class=\"ntc_info_noticia\"><strong class=\"sw_lato_black\">Fonte: <\/strong>Assessoria de Comunica\u00e7\u00e3o &#8211; PMCR, <strong class=\"sw_lato_black\">\u00a0<\/strong>Silvestre de Castro<\/div>\n<\/div>\n<\/div>\n","protected":false},"excerpt":{"rendered":"<p>O Munic\u00edpio de Costa Rica, por meio da Coordena\u00e7\u00e3o de Vigil\u00e2ncia em Sa\u00fade, divulgou nesta quarta-feira (21) a escala de atendimentos da unidade m\u00f3vel de aten\u00e7\u00e3o \u00e0 sa\u00fade animal, mais conhecida como Castram\u00f3vel, para a \u00faltima semana de junho e o m\u00eas de julho. O ve\u00edculo atender\u00e1 em anexo \u00e0s Unidades de Sa\u00fade dos bairros. [&hellip;]<\/p>\n","protected":false},"author":5,"featured_media":167279,"comment_status":"closed","ping_status":"closed","sticky":false,"template":"","format":"standard","meta":{"footnotes":""},"categories":[25],"tags":[],"class_list":["post-243274","post","type-post","status-publish","format-standard","has-post-thumbnail","hentry","category-costa-rica"],"_links":{"self":[{"href":"https:\/\/www.ocorreionews.com.br\/acervo-correio\/index.php?rest_route=\/wp\/v2\/posts\/243274","targetHints":{"allow":["GET"]}}],"collection":[{"href":"https:\/\/www.ocorreionews.com.br\/acervo-correio\/index.php?rest_route=\/wp\/v2\/posts"}],"about":[{"href":"https:\/\/www.ocorreionews.com.br\/acervo-correio\/index.php?rest_route=\/wp\/v2\/types\/post"}],"author":[{"embeddable":true,"href":"https:\/\/www.ocorreionews.com.br\/acervo-correio\/index.php?rest_route=\/wp\/v2\/users\/5"}],"replies":[{"embeddable":true,"href":"https:\/\/www.ocorreionews.com.br\/acervo-correio\/index.php?rest_route=%2Fwp%2Fv2%2Fcomments&post=243274"}],"version-history":[{"count":1,"href":"https:\/\/www.ocorreionews.com.br\/acervo-correio\/index.php?rest_route=\/wp\/v2\/posts\/243274\/revisions"}],"predecessor-version":[{"id":243277,"href":"https:\/\/www.ocorreionews.com.br\/acervo-correio\/index.php?rest_route=\/wp\/v2\/posts\/243274\/revisions\/243277"}],"wp:featuredmedia":[{"embeddable":true,"href":"https:\/\/www.ocorreionews.com.br\/acervo-correio\/index.php?rest_route=\/wp\/v2\/media\/167279"}],"wp:attachment":[{"href":"https:\/\/www.ocorreionews.com.br\/acervo-correio\/index.php?rest_route=%2Fwp%2Fv2%2Fmedia&parent=243274"}],"wp:term":[{"taxonomy":"category","embeddable":true,"href":"https:\/\/www.ocorreionews.com.br\/acervo-correio\/index.php?rest_route=%2Fwp%2Fv2%2Fcategories&post=243274"},{"taxonomy":"post_tag","embeddable":true,"href":"https:\/\/www.ocorreionews.com.br\/acervo-correio\/index.php?rest_route=%2Fwp%2Fv2%2Ftags&post=243274"}],"curies":[{"name":"wp","href":"https:\/\/api.w.org\/{rel}","templated":true}]}}