{"id":243278,"date":"2023-06-21T18:31:26","date_gmt":"2023-06-21T22:31:26","guid":{"rendered":"https:\/\/www.ocorreionews.com.br\/acervo-correio\/?p=243278"},"modified":"2023-06-22T08:35:00","modified_gmt":"2023-06-22T12:35:00","slug":"prefeitura-de-costa-rica-leva-atendimentos-de-saude-a-comunidade-da-serrinha","status":"publish","type":"post","link":"https:\/\/www.ocorreionews.com.br\/acervo-correio\/?p=243278","title":{"rendered":"Prefeitura de Costa Rica leva atendimentos de sa\u00fade \u00e0 comunidade da Serrinha"},"content":{"rendered":"<div class=\"ntc_cont_descricao_noticia sw_txteditor\">Nesta quarta-feira (21), a Prefeitura de Costa Rica, por meio da Secretaria Municipal de Sa\u00fade, realizou uma a\u00e7\u00e3o in\u00e9dita levando a Estrat\u00e9gia de Sa\u00fade da Fam\u00edlia (ESF) Rural para atender a comunidade da Serrinha, distante cerca de 20 km da cidade. A iniciativa visa levar servi\u00e7os de sa\u00fade de qualidade aos moradores da regi\u00e3o, que muitas vezes enfrentam dificuldades de acesso aos atendimentos m\u00e9dicos.<\/p>\n<p>Durante a a\u00e7\u00e3o, a equipe presente realizou diversos procedimentos, com destaque para as 14 consultas m\u00e9dicas realizadas. Al\u00e9m disso, foram realizados 40 testes r\u00e1pidos para hepatite B e C, s\u00edfilis e HIV (Aids), com o objetivo de diagnosticar poss\u00edveis casos dessas doen\u00e7as e encaminhar os pacientes para o tratamento adequado.<\/p>\n<p>A atualiza\u00e7\u00e3o da carteira de vacina\u00e7\u00e3o tamb\u00e9m foi uma das prioridades da equipe, que aplicou um total de 12 doses durante o atendimento na comunidade. Entre as vacinas aplicadas, destacam-se as doses contra a Covid-19, a gripe e outras vacinas de rotina, garantindo a imuniza\u00e7\u00e3o dos moradores da Serrinha.<\/p>\n<p>O vice-prefeito de Costa Rica, Roni Cota, destacou a import\u00e2ncia dessa iniciativa para a popula\u00e7\u00e3o da Serrinha. &#8220;Estamos empenhados em levar os servi\u00e7os de sa\u00fade para todas as regi\u00f5es do munic\u00edpio, especialmente para aquelas mais distantes. Essa a\u00e7\u00e3o in\u00e9dita mostra o compromisso da nossa gest\u00e3o em garantir o acesso \u00e0 sa\u00fade de qualidade para todos os cidad\u00e3os&#8221;, afirmou.<\/p>\n<p>A ESF Rural \u00e9 uma estrat\u00e9gia de sa\u00fade voltada para a popula\u00e7\u00e3o do campo, que visa promover a sa\u00fade e prevenir doen\u00e7as atrav\u00e9s de a\u00e7\u00f5es de promo\u00e7\u00e3o, preven\u00e7\u00e3o, diagn\u00f3stico, tratamento e reabilita\u00e7\u00e3o. Com essa iniciativa, a Prefeitura de Costa Rica busca reduzir as desigualdades no acesso aos servi\u00e7os de sa\u00fade, levando atendimentos m\u00e9dicos e a\u00e7\u00f5es de preven\u00e7\u00e3o para \u00e1reas mais afastadas do centro urbano.<\/p><\/div>\n<p>&nbsp;<\/p>\n<div class=\"ntc_cont_descricao_noticia sw_txteditor\"><img decoding=\"async\" class=\"imgcentraliza\" src=\"https:\/\/www.costarica.ms.gov.br\/fotos\/8a81d7bf3cc9070b522a2177c85a2517.jpg\" alt=\"Foto Noticia Principal Grande\" \/>\n<\/div>\n<div class=\"ntc_area_info_noticia sw_lato\">\n<div>\n<div class=\"ntc_info_noticia\"><strong class=\"sw_lato_black\">Fonte: <\/strong>Assessoria de Comunica\u00e7\u00e3o &#8211; PMCR &#8211; <strong class=\"sw_lato_black\">\u00a0<\/strong>Silvestre de Castro<\/div>\n<\/div>\n<\/div>\n","protected":false},"excerpt":{"rendered":"<p>Nesta quarta-feira (21), a Prefeitura de Costa Rica, por meio da Secretaria Municipal de Sa\u00fade, realizou uma a\u00e7\u00e3o in\u00e9dita levando a Estrat\u00e9gia de Sa\u00fade da Fam\u00edlia (ESF) Rural para atender a comunidade da Serrinha, distante cerca de 20 km da cidade. A iniciativa visa levar servi\u00e7os de sa\u00fade de qualidade aos moradores da regi\u00e3o, que [&hellip;]<\/p>\n","protected":false},"author":5,"featured_media":243279,"comment_status":"closed","ping_status":"closed","sticky":false,"template":"","format":"standard","meta":{"footnotes":""},"categories":[25],"tags":[],"class_list":["post-243278","post","type-post","status-publish","format-standard","has-post-thumbnail","hentry","category-costa-rica"],"_links":{"self":[{"href":"https:\/\/www.ocorreionews.com.br\/acervo-correio\/index.php?rest_route=\/wp\/v2\/posts\/243278","targetHints":{"allow":["GET"]}}],"collection":[{"href":"https:\/\/www.ocorreionews.com.br\/acervo-correio\/index.php?rest_route=\/wp\/v2\/posts"}],"about":[{"href":"https:\/\/www.ocorreionews.com.br\/acervo-correio\/index.php?rest_route=\/wp\/v2\/types\/post"}],"author":[{"embeddable":true,"href":"https:\/\/www.ocorreionews.com.br\/acervo-correio\/index.php?rest_route=\/wp\/v2\/users\/5"}],"replies":[{"embeddable":true,"href":"https:\/\/www.ocorreionews.com.br\/acervo-correio\/index.php?rest_route=%2Fwp%2Fv2%2Fcomments&post=243278"}],"version-history":[{"count":1,"href":"https:\/\/www.ocorreionews.com.br\/acervo-correio\/index.php?rest_route=\/wp\/v2\/posts\/243278\/revisions"}],"predecessor-version":[{"id":243281,"href":"https:\/\/www.ocorreionews.com.br\/acervo-correio\/index.php?rest_route=\/wp\/v2\/posts\/243278\/revisions\/243281"}],"wp:featuredmedia":[{"embeddable":true,"href":"https:\/\/www.ocorreionews.com.br\/acervo-correio\/index.php?rest_route=\/wp\/v2\/media\/243279"}],"wp:attachment":[{"href":"https:\/\/www.ocorreionews.com.br\/acervo-correio\/index.php?rest_route=%2Fwp%2Fv2%2Fmedia&parent=243278"}],"wp:term":[{"taxonomy":"category","embeddable":true,"href":"https:\/\/www.ocorreionews.com.br\/acervo-correio\/index.php?rest_route=%2Fwp%2Fv2%2Fcategories&post=243278"},{"taxonomy":"post_tag","embeddable":true,"href":"https:\/\/www.ocorreionews.com.br\/acervo-correio\/index.php?rest_route=%2Fwp%2Fv2%2Ftags&post=243278"}],"curies":[{"name":"wp","href":"https:\/\/api.w.org\/{rel}","templated":true}]}}