{"id":243292,"date":"2023-06-22T09:21:59","date_gmt":"2023-06-22T13:21:59","guid":{"rendered":"https:\/\/www.ocorreionews.com.br\/acervo-correio\/?p=243292"},"modified":"2023-06-22T09:21:59","modified_gmt":"2023-06-22T13:21:59","slug":"prefeitura-de-chapadao-do-sul-promoveu-uma-serie-de-acoes-em-comemoracao-ao-dia-mundial-do-meio-ambiente","status":"publish","type":"post","link":"https:\/\/www.ocorreionews.com.br\/acervo-correio\/?p=243292","title":{"rendered":"Prefeitura de Chapad\u00e3o do Sul promoveu uma s\u00e9rie de a\u00e7\u00f5es em comemora\u00e7\u00e3o ao Dia Mundial do Meio Ambiente"},"content":{"rendered":"<p style=\"font-weight: 400;\">Entre os dias 5 e 16 de junho, a Prefeitura de Chapad\u00e3o do Sul, atrav\u00e9s da Secretaria de Desenvolvimento Econ\u00f4mico e Meio Ambiente (SEDEMA) celebrou o Dia Mundial do Meio Ambiente com uma s\u00e9rie de a\u00e7\u00f5es que envolveram a comunidade em prol da sustentabilidade. Palestras, din\u00e2micas, visitas t\u00e9cnicas, entrevistas em r\u00e1dios, doa\u00e7\u00f5es de mudas e adubos, al\u00e9m do envio de projetos de cria\u00e7\u00e3o de leis ambientais \u00e0 C\u00e2mara de Vereadores, foram algumas das atividades realizadas durante o per\u00edodo. Com abordagem na gest\u00e3o de res\u00edduos s\u00f3lidos e na coleta seletiva, destacando a problem\u00e1tica dos res\u00edduos pl\u00e1sticos, tema da campanha mundial deste ano.<\/p>\n<p style=\"font-weight: 400;\">Os eventos foram planejados com o objetivo de conscientizar a popula\u00e7\u00e3o sobre a import\u00e2ncia da preserva\u00e7\u00e3o ambiental e promover a ado\u00e7\u00e3o de pr\u00e1ticas voltadas para o cotidiano. As atividades envolveram diferentes segmentos da sociedade, desde os alunos da 1\u00aa s\u00e9rie do ensino fundamental at\u00e9 estudantes do ensino m\u00e9dio e participantes de projetos sociais da cidade. Al\u00e9m disso, as turmas da melhor idade, do CONVIVER, tamb\u00e9m participaram ativamente, bem como os ouvintes das r\u00e1dios locais.<\/p>\n<p style=\"font-weight: 400;\">Uma s\u00e9rie de palestras e din\u00e2micas foram realizadas em escolas, abordando temas como a import\u00e2ncia da separa\u00e7\u00e3o correta dos res\u00edduos, a redu\u00e7\u00e3o do uso de pl\u00e1stico descart\u00e1vel e a reciclagem como forma de preserva\u00e7\u00e3o do meio ambiente. Os alunos conseguiram aprender de maneira interativa e l\u00fadica, despertando sua consci\u00eancia ambiental desde cedo.<\/p>\n<p style=\"font-weight: 400;\">Al\u00e9m disso, foram organizadas visitas t\u00e9cnicas \u00e0 Central de Tratamento de Res\u00edduos (CTR) do munic\u00edpio, proporcionando aos participantes a oportunidade de conhecer o processo de tratamento de res\u00edduos e a import\u00e2ncia da destina\u00e7\u00e3o adequada dos mesmos. Essas visitas desejavam uma compreens\u00e3o mais ampla sobre a gest\u00e3o de res\u00edduos s\u00f3lidos e estimularam a ado\u00e7\u00e3o de pr\u00e1ticas mais ansiosas na comunidade.<\/p>\n<p style=\"font-weight: 400;\">A divulga\u00e7\u00e3o das a\u00e7\u00f5es n\u00e3o se limitou \u00e0s escolas e visitas t\u00e9cnicas. Foram realizadas entrevistas em r\u00e1dios locais, com a inten\u00e7\u00e3o de levar a mensagem de conscientiza\u00e7\u00e3o ambiental a um p\u00fablico mais amplo. Dessa forma, a import\u00e2ncia da gest\u00e3o adequada dos res\u00edduos s\u00f3lidos e a necessidade de reduzir os res\u00edduos pl\u00e1sticos foram disseminados para toda a comunidade.<\/p>\n<p style=\"font-weight: 400;\">Outro destaque dessas a\u00e7\u00f5es foi a distribui\u00e7\u00e3o de mudas e adubos para os idosos, incentivando o plantio de \u00e1rvores e a preserva\u00e7\u00e3o da natureza. Essa iniciativa contribui para a amplia\u00e7\u00e3o da arboriza\u00e7\u00e3o e para a melhoria da qualidade de vida da popula\u00e7\u00e3o.<\/p>\n<p style=\"font-weight: 400;\">Por meio dessas a\u00e7\u00f5es, a prefeitura almeja promover um maior envolvimento da popula\u00e7\u00e3o com as tem\u00e1ticas ambientais, visando transformar os cidad\u00e3os em agentes conscientes de sua responsabilidade na sociedade e na preserva\u00e7\u00e3o sustent\u00e1vel do meio ambiente.<\/p>\n<p style=\"font-weight: 400;\">Mais informa\u00e7\u00f5es podem ser obtidas na SEDEMA, entre em contato atrav\u00e9s do telefone (67)3562-5672 ou pelo WhatsApp\u00a0<a href=\"https:\/\/wa.me\/5567996183431\">https:\/\/wa.me\/5567996183431<\/a>. A Secretaria Municipal de Desenvolvimento Econ\u00f4mico e Meio Ambiente est\u00e1 localizada na Avenida Onze, 1045 \u2013 Centro.<\/p>\n<p>&nbsp;<\/p>\n<p>&nbsp;<\/p>\n<p>*Assecom PMCS<\/p>\n","protected":false},"excerpt":{"rendered":"<p>Entre os dias 5 e 16 de junho, a Prefeitura de Chapad\u00e3o do Sul, atrav\u00e9s da Secretaria de Desenvolvimento Econ\u00f4mico e Meio Ambiente (SEDEMA) celebrou o Dia Mundial do Meio Ambiente com uma s\u00e9rie de a\u00e7\u00f5es que envolveram a comunidade em prol da sustentabilidade. Palestras, din\u00e2micas, visitas t\u00e9cnicas, entrevistas em r\u00e1dios, doa\u00e7\u00f5es de mudas e [&hellip;]<\/p>\n","protected":false},"author":5,"featured_media":243293,"comment_status":"closed","ping_status":"closed","sticky":false,"template":"","format":"standard","meta":{"footnotes":""},"categories":[23],"tags":[],"class_list":["post-243292","post","type-post","status-publish","format-standard","has-post-thumbnail","hentry","category-chapadao-do-sul"],"_links":{"self":[{"href":"https:\/\/www.ocorreionews.com.br\/acervo-correio\/index.php?rest_route=\/wp\/v2\/posts\/243292","targetHints":{"allow":["GET"]}}],"collection":[{"href":"https:\/\/www.ocorreionews.com.br\/acervo-correio\/index.php?rest_route=\/wp\/v2\/posts"}],"about":[{"href":"https:\/\/www.ocorreionews.com.br\/acervo-correio\/index.php?rest_route=\/wp\/v2\/types\/post"}],"author":[{"embeddable":true,"href":"https:\/\/www.ocorreionews.com.br\/acervo-correio\/index.php?rest_route=\/wp\/v2\/users\/5"}],"replies":[{"embeddable":true,"href":"https:\/\/www.ocorreionews.com.br\/acervo-correio\/index.php?rest_route=%2Fwp%2Fv2%2Fcomments&post=243292"}],"version-history":[{"count":1,"href":"https:\/\/www.ocorreionews.com.br\/acervo-correio\/index.php?rest_route=\/wp\/v2\/posts\/243292\/revisions"}],"predecessor-version":[{"id":243294,"href":"https:\/\/www.ocorreionews.com.br\/acervo-correio\/index.php?rest_route=\/wp\/v2\/posts\/243292\/revisions\/243294"}],"wp:featuredmedia":[{"embeddable":true,"href":"https:\/\/www.ocorreionews.com.br\/acervo-correio\/index.php?rest_route=\/wp\/v2\/media\/243293"}],"wp:attachment":[{"href":"https:\/\/www.ocorreionews.com.br\/acervo-correio\/index.php?rest_route=%2Fwp%2Fv2%2Fmedia&parent=243292"}],"wp:term":[{"taxonomy":"category","embeddable":true,"href":"https:\/\/www.ocorreionews.com.br\/acervo-correio\/index.php?rest_route=%2Fwp%2Fv2%2Fcategories&post=243292"},{"taxonomy":"post_tag","embeddable":true,"href":"https:\/\/www.ocorreionews.com.br\/acervo-correio\/index.php?rest_route=%2Fwp%2Fv2%2Ftags&post=243292"}],"curies":[{"name":"wp","href":"https:\/\/api.w.org\/{rel}","templated":true}]}}