{"id":243296,"date":"2023-06-22T09:26:29","date_gmt":"2023-06-22T13:26:29","guid":{"rendered":"https:\/\/www.ocorreionews.com.br\/acervo-correio\/?p=243296"},"modified":"2023-06-22T09:26:29","modified_gmt":"2023-06-22T13:26:29","slug":"realizada-a-14a-conferencia-municipal-de-assistencia-social-em-chapadao-do-sul","status":"publish","type":"post","link":"https:\/\/www.ocorreionews.com.br\/acervo-correio\/?p=243296","title":{"rendered":"Realizada a 14\u00aa Confer\u00eancia Municipal de Assist\u00eancia Social em Chapad\u00e3o do Sul"},"content":{"rendered":"<p style=\"font-weight: 400;\">Foi realizada na \u00faltima ter\u00e7a-feira, 20, a 14\u00aa Confer\u00eancia Municipal de Assist\u00eancia Social, com o tema \u201cReconstru\u00e7\u00e3o do SUAS: O SUAS que temos e o SUAS que queremos\u201d cujo tema foi dividido em cinco eixos distintos, sendo aprovadas dez propostas para o Munic\u00edpio, cinco para o Estado e cinco propostas para a Uni\u00e3o.<\/p>\n<p style=\"font-weight: 400;\">Marcaram presen\u00e7a na solenidade de abertura o Prefeito Municipal Jo\u00e3o Carlos Krug, a secret\u00e1ria de Assist\u00eancia Social, Maria das Dores Zocal Krug, a Ju\u00edza de Direito, Dra. L\u00eddia Geanne Ferreira e C\u00e2ndido, a presidente do Conselho Municipal de Assist\u00eancia Social, P\u00e2mela Couto da Silva e a representante dos usu\u00e1rios dos servi\u00e7os do SUAS, Patr\u00edcia Maria Euz\u00e9bio da Silva Lima.<\/p>\n<p><a href=\"https:\/\/www.ocorreionews.com.br\/acervo-correio\/wp-content\/uploads\/2023\/06\/14a-Conferencia-Municipal2.jpg\"><img loading=\"lazy\" decoding=\"async\" class=\"size-full wp-image-243298 aligncenter\" src=\"https:\/\/www.ocorreionews.com.br\/acervo-correio\/wp-content\/uploads\/2023\/06\/14a-Conferencia-Municipal2.jpg\" alt=\"\" width=\"720\" height=\"480\" srcset=\"https:\/\/www.ocorreionews.com.br\/acervo-correio\/wp-content\/uploads\/2023\/06\/14a-Conferencia-Municipal2.jpg 720w, https:\/\/www.ocorreionews.com.br\/acervo-correio\/wp-content\/uploads\/2023\/06\/14a-Conferencia-Municipal2-300x200.jpg 300w\" sizes=\"auto, (max-width: 720px) 100vw, 720px\" \/><\/a><\/p>\n<p style=\"font-weight: 400;\">Ap\u00f3s a leitura do Regimento Interno foi realizada a palestra magna pela psic\u00f3loga da SEAD (Secretaria de Estado de Assist\u00eancia Social e Direitos Humanos),\u00a0Cristina Barros de Miranda, a qual tem Bacharelado e licenciatura em Psicologia pelo Centro de Ensino Unificado de Bras\u00edlia (UNICEUB-DF); \u00e9 psic\u00f3loga cl\u00ednica comportamental e Consteladora Familiar. Est\u00e1 a mais de 22 anos na \u00e1rea da Assist\u00eancia Social, sendo 12 anos destes na Gest\u00e3o Estadual de Mato Grosso do Sul. Atualmente atua como Coordenadora na coordenadoria de Apoio \u00e0 Gest\u00e3o do Sistema \u00danico de Assist\u00eancia Social (CGSUAS\/SUPAS\/SEAD).<\/p>\n<p style=\"font-weight: 400;\">Ap\u00f3s a palestra foi passado para a discuss\u00e3o nos eixos de trabalho e elabora\u00e7\u00e3o das propostas. Houve tamb\u00e9m a elei\u00e7\u00e3o dos 05 delegados e seus respectivos suplentes que ir\u00e3o participar da Confer\u00eancia Regional de Assist\u00eancia Social no dia 11 de agosto de 2023, em Tr\u00eas Lagoas\/MS. Durante o evento, houve apresenta\u00e7\u00e3o cultural, roda de capoeira, dos alunos do Centro Socioeducativo Nossa Senhora das Gra\u00e7as e apresenta\u00e7\u00e3o da Banda dos alunos da APAE.<\/p>\n<p style=\"font-weight: 400;\">A secret\u00e1ria de Assist\u00eancia Social, Maria das Dores, Relembrou as primeiras edi\u00e7\u00f5es e \u00e0 propor\u00e7\u00e3o que o evento tomou. \u201cA 14\u00aa Confer\u00eancia marca a evolu\u00e7\u00e3o das pol\u00edticas sociais em defesa do cidad\u00e3o, a confer\u00eancia foi criada com o intuito de preparamos ainda mais nossos profissionais e ajudarmos a nossa cidade, que antes era um assistencialismo e hoje se tornou um direito em defesa do cidad\u00e3o. \u00a0Sucesso define a 14\u00aa edi\u00e7\u00e3o, foi um momento \u00fanico e muito importante, uma grande oportunidade para todos os usu\u00e1rios dos servi\u00e7os do SUAS para debater a avaliar a Pol\u00edtica de Assist\u00eancia Social local e propor novas diretrizes. Obrigada a todos os envolvidos e parab\u00e9ns pelo sucesso da Confer\u00eancia\u201d, finalizou.<\/p>\n<p>&nbsp;<\/p>\n<p>&nbsp;<\/p>\n<p>*Assecom PMCS<\/p>\n","protected":false},"excerpt":{"rendered":"<p>Foi realizada na \u00faltima ter\u00e7a-feira, 20, a 14\u00aa Confer\u00eancia Municipal de Assist\u00eancia Social, com o tema \u201cReconstru\u00e7\u00e3o do SUAS: O SUAS que temos e o SUAS que queremos\u201d cujo tema foi dividido em cinco eixos distintos, sendo aprovadas dez propostas para o Munic\u00edpio, cinco para o Estado e cinco propostas para a Uni\u00e3o. Marcaram presen\u00e7a [&hellip;]<\/p>\n","protected":false},"author":5,"featured_media":243297,"comment_status":"closed","ping_status":"closed","sticky":false,"template":"","format":"standard","meta":{"footnotes":""},"categories":[23,41],"tags":[],"class_list":["post-243296","post","type-post","status-publish","format-standard","has-post-thumbnail","hentry","category-chapadao-do-sul","category-destaque"],"_links":{"self":[{"href":"https:\/\/www.ocorreionews.com.br\/acervo-correio\/index.php?rest_route=\/wp\/v2\/posts\/243296","targetHints":{"allow":["GET"]}}],"collection":[{"href":"https:\/\/www.ocorreionews.com.br\/acervo-correio\/index.php?rest_route=\/wp\/v2\/posts"}],"about":[{"href":"https:\/\/www.ocorreionews.com.br\/acervo-correio\/index.php?rest_route=\/wp\/v2\/types\/post"}],"author":[{"embeddable":true,"href":"https:\/\/www.ocorreionews.com.br\/acervo-correio\/index.php?rest_route=\/wp\/v2\/users\/5"}],"replies":[{"embeddable":true,"href":"https:\/\/www.ocorreionews.com.br\/acervo-correio\/index.php?rest_route=%2Fwp%2Fv2%2Fcomments&post=243296"}],"version-history":[{"count":1,"href":"https:\/\/www.ocorreionews.com.br\/acervo-correio\/index.php?rest_route=\/wp\/v2\/posts\/243296\/revisions"}],"predecessor-version":[{"id":243299,"href":"https:\/\/www.ocorreionews.com.br\/acervo-correio\/index.php?rest_route=\/wp\/v2\/posts\/243296\/revisions\/243299"}],"wp:featuredmedia":[{"embeddable":true,"href":"https:\/\/www.ocorreionews.com.br\/acervo-correio\/index.php?rest_route=\/wp\/v2\/media\/243297"}],"wp:attachment":[{"href":"https:\/\/www.ocorreionews.com.br\/acervo-correio\/index.php?rest_route=%2Fwp%2Fv2%2Fmedia&parent=243296"}],"wp:term":[{"taxonomy":"category","embeddable":true,"href":"https:\/\/www.ocorreionews.com.br\/acervo-correio\/index.php?rest_route=%2Fwp%2Fv2%2Fcategories&post=243296"},{"taxonomy":"post_tag","embeddable":true,"href":"https:\/\/www.ocorreionews.com.br\/acervo-correio\/index.php?rest_route=%2Fwp%2Fv2%2Ftags&post=243296"}],"curies":[{"name":"wp","href":"https:\/\/api.w.org\/{rel}","templated":true}]}}