{"id":243304,"date":"2023-06-22T09:38:20","date_gmt":"2023-06-22T13:38:20","guid":{"rendered":"https:\/\/www.ocorreionews.com.br\/acervo-correio\/?p=243304"},"modified":"2023-06-22T10:31:19","modified_gmt":"2023-06-22T14:31:19","slug":"prefeito-joao-carlos-krug-ira-palestrar-para-prefeitos-e-secretarios-do-estado-do-rio-de-janeiro","status":"publish","type":"post","link":"https:\/\/www.ocorreionews.com.br\/acervo-correio\/?p=243304","title":{"rendered":"Prefeito Jo\u00e3o Carlos Krug ir\u00e1 palestrar para Prefeitos e Secret\u00e1rios do estado do Rio de Janeiro"},"content":{"rendered":"<p style=\"font-weight: 400;\">O Prefeito Municipal de Chapad\u00e3o do Sul, Jo\u00e3o Carlos Krug, recebeu na \u00faltima segunda-feira, 19, um convite do superintendente do Sebrae\/RJ, J\u00e9sus Mendes Costa, e da T\u00e9cnica respons\u00e1vel pelo Sebrae &#8211; Centro Sul Fluminense, Erica Bittencourt, para palestrar durante o lan\u00e7amento do Pr\u00eamio Sebrae Prefeito Empreendedor etapa Rio, nos dias 29 e 30 de agosto de 2023, que acontecer\u00e1 na cidade do Rio de Janeiro\/RJ.<\/p>\n<p style=\"font-weight: 400;\">O evento contar\u00e1 com a presen\u00e7a do Governador do Estado do Rio, Claudio Castro, al\u00e9m dos 92 prefeitos do estado, Secret\u00e1rios de Desenvolvimento Econ\u00f4mico e Agentes de Desenvolvimento.<\/p>\n<p style=\"font-weight: 400;\">O l\u00edder do Executivo ir\u00e1 representar prefeitos do Brasil, e apresentar palestra sobre a gest\u00e3o empreendedora de resultados, realizada em Chapad\u00e3o do Sul, que levaram o munic\u00edpio a fazer hist\u00f3ria no PSPE 2022, sendo o \u00fanico Prefeito na hist\u00f3ria do pr\u00eamio, a ganhar em duas categorias nacionais em uma \u00fanica edi\u00e7\u00e3o, com os projetos Chapad\u00e3o do Sul Polo de Desenvolvimento e Inova\u00e7\u00e3o, e Cidade Digital Simplificada.<\/p>\n<p style=\"font-weight: 400;\">Segundo o Prefeito, o reconhecimento \u00e9 um sinal positivo sobre os trabalhos realizados pela gest\u00e3o municipal. \u201cBastante feliz com o convite do Sebrae\/RJ, para palestrar junto ao governador Claudio Castro, e aos 92 prefeitos do estado do Rio de Janeiro, isso comprova, que as diversas pol\u00edticas p\u00fablicas e a\u00e7\u00f5es que implantamos, surtiram efeito para o desenvolvimento do munic\u00edpio. Nossas a\u00e7\u00f5es serviram de inspira\u00e7\u00e3o, e Chapad\u00e3o do Sul foi piloto para diversos munic\u00edpios e gestores do Brasil, principalmente nas a\u00e7\u00f5es focadas em empreendedorismo, e desenvolvimento dos pequenos neg\u00f3cios locais.\u201d Finaliza.<\/p>\n<p style=\"font-weight: 400;\">O Secret\u00e1rio de Desenvolvimento Econ\u00f4mico e Meio Ambiente &#8211; SEDEMA, Jos\u00e9 Teixeira Junior, ir\u00e1 acompanhar o prefeito, e tamb\u00e9m realizar\u00e1 palestra destinada a secret\u00e1rios e agentes de desenvolvimento do estado, mostrando os detalhes das a\u00e7\u00f5es e seus resultados obtidos no munic\u00edpio.<\/p>\n<p style=\"font-weight: 400;\">Mais informa\u00e7\u00f5es sobre as a\u00e7\u00f5es empreendedoras realizadas em Chapad\u00e3o do Sul, podem ser obtidas, na Secretaria de Desenvolvimento Econ\u00f4mico e Meio Ambiente \u2013 SEDEMA, pelos telefones (67) 3562-5672, ou ainda pelo WhatsApp: (67) 9-9618-3431.<\/p>\n<p>&nbsp;<\/p>\n<p>&nbsp;<\/p>\n<p>*Assecom PMCS<\/p>\n","protected":false},"excerpt":{"rendered":"<p>O Prefeito Municipal de Chapad\u00e3o do Sul, Jo\u00e3o Carlos Krug, recebeu na \u00faltima segunda-feira, 19, um convite do superintendente do Sebrae\/RJ, J\u00e9sus Mendes Costa, e da T\u00e9cnica respons\u00e1vel pelo Sebrae &#8211; Centro Sul Fluminense, Erica Bittencourt, para palestrar durante o lan\u00e7amento do Pr\u00eamio Sebrae Prefeito Empreendedor etapa Rio, nos dias 29 e 30 de agosto [&hellip;]<\/p>\n","protected":false},"author":5,"featured_media":243306,"comment_status":"closed","ping_status":"closed","sticky":false,"template":"","format":"standard","meta":{"footnotes":""},"categories":[23,41],"tags":[],"class_list":["post-243304","post","type-post","status-publish","format-standard","has-post-thumbnail","hentry","category-chapadao-do-sul","category-destaque"],"_links":{"self":[{"href":"https:\/\/www.ocorreionews.com.br\/acervo-correio\/index.php?rest_route=\/wp\/v2\/posts\/243304","targetHints":{"allow":["GET"]}}],"collection":[{"href":"https:\/\/www.ocorreionews.com.br\/acervo-correio\/index.php?rest_route=\/wp\/v2\/posts"}],"about":[{"href":"https:\/\/www.ocorreionews.com.br\/acervo-correio\/index.php?rest_route=\/wp\/v2\/types\/post"}],"author":[{"embeddable":true,"href":"https:\/\/www.ocorreionews.com.br\/acervo-correio\/index.php?rest_route=\/wp\/v2\/users\/5"}],"replies":[{"embeddable":true,"href":"https:\/\/www.ocorreionews.com.br\/acervo-correio\/index.php?rest_route=%2Fwp%2Fv2%2Fcomments&post=243304"}],"version-history":[{"count":1,"href":"https:\/\/www.ocorreionews.com.br\/acervo-correio\/index.php?rest_route=\/wp\/v2\/posts\/243304\/revisions"}],"predecessor-version":[{"id":243307,"href":"https:\/\/www.ocorreionews.com.br\/acervo-correio\/index.php?rest_route=\/wp\/v2\/posts\/243304\/revisions\/243307"}],"wp:featuredmedia":[{"embeddable":true,"href":"https:\/\/www.ocorreionews.com.br\/acervo-correio\/index.php?rest_route=\/wp\/v2\/media\/243306"}],"wp:attachment":[{"href":"https:\/\/www.ocorreionews.com.br\/acervo-correio\/index.php?rest_route=%2Fwp%2Fv2%2Fmedia&parent=243304"}],"wp:term":[{"taxonomy":"category","embeddable":true,"href":"https:\/\/www.ocorreionews.com.br\/acervo-correio\/index.php?rest_route=%2Fwp%2Fv2%2Fcategories&post=243304"},{"taxonomy":"post_tag","embeddable":true,"href":"https:\/\/www.ocorreionews.com.br\/acervo-correio\/index.php?rest_route=%2Fwp%2Fv2%2Ftags&post=243304"}],"curies":[{"name":"wp","href":"https:\/\/api.w.org\/{rel}","templated":true}]}}