{"id":243313,"date":"2023-06-22T10:04:12","date_gmt":"2023-06-22T14:04:12","guid":{"rendered":"https:\/\/www.ocorreionews.com.br\/acervo-correio\/?p=243313"},"modified":"2023-06-22T10:04:12","modified_gmt":"2023-06-22T14:04:12","slug":"marido-suspeito-de-espancar-mulher-ate-a-morte-na-frente-dos-filhos-e-preso-em-go","status":"publish","type":"post","link":"https:\/\/www.ocorreionews.com.br\/acervo-correio\/?p=243313","title":{"rendered":"Marido suspeito de espancar mulher at\u00e9 a morte na frente dos filhos \u00e9 preso em GO"},"content":{"rendered":"<div id=\"chunk-cm9tg\">\n<div class=\"mc-column content-text active-extra-styles \" data-block-type=\"unstyled\" data-block-weight=\"38\" data-block-id=\"3\">\n<p class=\"content-text__container \" data-track-category=\"Link no Texto\" data-track-links=\"\">O homem suspeito de espancar at\u00e9 a morte na frente dos filhos foi preso em Senador Canedo, na Regi\u00e3o Metropolitana de Goi\u00e2nia. A informa\u00e7\u00e3o foi divulgada pela Pol\u00edcia Penal e pela Guarda Civil Metropolitana nesta quarta-feira (21).<\/p>\n<\/div>\n<\/div>\n<div class=\"wall protected-content\">\n<div class=\"mc-column content-text active-extra-styles\" data-block-type=\"raw\" data-block-weight=\"6\" data-block-id=\"4\">\n<p>&nbsp;<\/p>\n<p>&nbsp;<\/p>\n<\/div>\n<div id=\"chunk-f1i3n\">\n<div class=\"mc-column content-text active-extra-styles \" data-block-type=\"unstyled\" data-block-weight=\"44\" data-block-id=\"5\">\n<p class=\"content-text__container \" data-track-category=\"Link no Texto\" data-track-links=\"\">De acordo com a Pol\u00edcia Penal, a pris\u00e3o foi realizada nas proximidades do pres\u00eddio, quando o suspeito foi flagrado pelas c\u00e2meras de seguran\u00e7a da unidade. O <strong>g1 <\/strong>n\u00e3o conseguiu localizar a defesa do suspeito para um posicionamento at\u00e9 a \u00faltima atualiza\u00e7\u00e3o desta reportagem.<\/p>\n<p data-track-category=\"Link no Texto\" data-track-links=\"\">\n<\/div>\n<\/div>\n<div id=\"chunk-d0llt\">\n<div class=\"mc-column content-text active-extra-styles \" data-block-type=\"unstyled\" data-block-weight=\"50\" data-block-id=\"6\">\n<p class=\"content-text__container \" data-track-category=\"Link no Texto\" data-track-links=\"\">A pol\u00edcia penal informou que, para a pris\u00e3o, foi acionada a Guarda Civil Municipal e a Pol\u00edcia Militar para prestarem apoio. Os policiais ainda afirmaram que o suspeito tentou fugir no momento da abordagem, entrando em um ve\u00edculo. No entanto, ao ser detido, foi encaminhado \u00e0 Delegacia de Pol\u00edcia Civil.<\/p>\n<\/div>\n<\/div>\n<div id=\"chunk-elpam\">\n<div class=\"content-ads content-ads--reveal\" data-block-type=\"ads\" data-block-id=\"7\">\n<div><\/div>\n<\/div>\n<\/div>\n<div id=\"chunk-f0fks\">\n<div class=\"mc-column content-text active-extra-styles \" data-block-type=\"unstyled\" data-block-weight=\"34\" data-block-id=\"8\">\n<p class=\"content-text__container \" data-track-category=\"Link no Texto\" data-track-links=\"\">Miriam Anjos dos Santos morava com o marido, Danielsom Ribeiro Rocha, e com quatro filhos pequenos. O homem \u00e9 conhecido no setor por vender balas e bombons nos bares e restaurantes do munic\u00edpio.<\/p>\n<p data-track-category=\"Link no Texto\" data-track-links=\"\">\n<\/div>\n<\/div>\n<div id=\"chunk-fc60i\">\n<div class=\"mc-column content-text active-extra-styles \" data-block-type=\"unstyled\" data-block-weight=\"48\" data-block-id=\"9\">\n<p class=\"content-text__container \" data-track-category=\"Link no Texto\" data-track-links=\"\">A investiga\u00e7\u00e3o apontou que o casal teve uma discuss\u00e3o e o homem espancou a mulher at\u00e9 a morte na frente das crian\u00e7as. Ap\u00f3s o ocorrido, o suspeito deixou os filhos na casa de sua m\u00e3e e fugiu. O crime aconteceu na Rua \u00c9rico Ver\u00edssimo, no Jardim Canedo I.<\/p>\n<p data-track-category=\"Link no Texto\" data-track-links=\"\">\n<\/div>\n<\/div>\n<div id=\"chunk-24mof\">\n<div class=\"row medium-uncollapsed content-media content-photo\" data-block-type=\"backstage-photo\" data-block-id=\"12\">\n<div class=\" mc-column  content-media__container\">\n<div class=\"content-media-container glb-skeleton-box\">\n<figure class=\"content-media-figure\">\n<p><figure style=\"width: 647px\" class=\"wp-caption aligncenter\"><img loading=\"lazy\" decoding=\"async\" class=\"i-amphtml-fill-content i-amphtml-replaced-content\" src=\"https:\/\/s2-g1.glbimg.com\/kaf9eew1_jtp7HlUEgMY-IEQuU0=\/0x0:1700x1065\/984x0\/smart\/filters:strip_icc()\/i.s3.glbimg.com\/v1\/AUTH_59edd422c0c84a879bd37670ae4f538a\/internal_photos\/bs\/2023\/3\/B\/OM9iVIQlA3v7BRIhzu0w\/imagens-2023-06-21t103259.363.png\" sizes=\"auto, (max-width: 1366px) 648px, 100vw\" srcset=\"https:\/\/s2-g1.glbimg.com\/IKnB3OfaWKYNymVJTLHYdk5HJEM=\/0x0:1700x1065\/1000x0\/smart\/filters:strip_icc()\/i.s3.glbimg.com\/v1\/AUTH_59edd422c0c84a879bd37670ae4f538a\/internal_photos\/bs\/2023\/3\/B\/OM9iVIQlA3v7BRIhzu0w\/imagens-2023-06-21t103259.363.png 1000w, https:\/\/s2-g1.glbimg.com\/kaf9eew1_jtp7HlUEgMY-IEQuU0=\/0x0:1700x1065\/984x0\/smart\/filters:strip_icc()\/i.s3.glbimg.com\/v1\/AUTH_59edd422c0c84a879bd37670ae4f538a\/internal_photos\/bs\/2023\/3\/B\/OM9iVIQlA3v7BRIhzu0w\/imagens-2023-06-21t103259.363.png 984w, https:\/\/s2-g1.glbimg.com\/QHlfkD-EKvE6qgT8jxlHXmvA9ss=\/0x0:1700x1065\/640x0\/smart\/filters:strip_icc()\/i.s3.glbimg.com\/v1\/AUTH_59edd422c0c84a879bd37670ae4f538a\/internal_photos\/bs\/2023\/3\/B\/OM9iVIQlA3v7BRIhzu0w\/imagens-2023-06-21t103259.363.png 640w, https:\/\/s2-g1.glbimg.com\/vZrB2eWovXeUlCOC5nOJlhL2Z6E=\/0x0:1700x1065\/600x0\/smart\/filters:strip_icc()\/i.s3.glbimg.com\/v1\/AUTH_59edd422c0c84a879bd37670ae4f538a\/internal_photos\/bs\/2023\/3\/B\/OM9iVIQlA3v7BRIhzu0w\/imagens-2023-06-21t103259.363.png 600w\" alt=\"Homem \u00e9 preso em Senador Canedo suspeito de espancar mulher at\u00e9 a morte \u2014 Foto: Divulga\u00e7\u00e3o\/Pol\u00edcia Penal\" width=\"647\" height=\"405\" \/><figcaption class=\"wp-caption-text\">Homem \u00e9 preso em Senador Canedo suspeito de espancar mulher at\u00e9 a morte \u2014 Foto: Divulga\u00e7\u00e3o\/Pol\u00edcia Penal<\/figcaption><\/figure><\/figure>\n<\/div>\n<p class=\"content-media__description  \">\n<\/div>\n<\/div>\n<\/div>\n<div id=\"chunk-cmkf8\">\n<div class=\"content-ads content-ads--reveal\" data-block-type=\"ads\" data-block-id=\"13\">\n<div><\/div>\n<\/div>\n<\/div>\n<div id=\"chunk-6t4cf\">\n<div class=\"mc-column content-text active-extra-styles \" data-block-type=\"unstyled\" data-block-weight=\"40\" data-block-id=\"14\">\n<p class=\"content-text__container \" data-track-category=\"Link no Texto\" data-track-links=\"\">Os familiares contaram terem \u00eddo at\u00e9 a casa de Miriam ap\u00f3s estranharem o fato de ela n\u00e3o atender as liga\u00e7\u00f5es. Na ocasi\u00e3o, a encontraram morta. A Pol\u00edcia Militar de Goi\u00e1s (PMGO) e o Instituto M\u00e9dico Legal (IML) estiveram no local.<\/p>\n<\/div>\n<\/div>\n<div class=\"mc-column content-text active-extra-styles\" data-block-type=\"raw\" data-block-weight=\"1\" data-block-id=\"15\">\n<p class=\"content-text__container\">\n<div class=\"content-intertitle\">\n<h2>Crian\u00e7as<\/h2>\n<\/div>\n<p>&nbsp;<\/p>\n<\/div>\n<div id=\"chunk-9vipv\">\n<div class=\"mc-column content-text active-extra-styles \" data-block-type=\"unstyled\" data-block-weight=\"40\" data-block-id=\"16\">\n<p class=\"content-text__container \" data-track-category=\"Link no Texto\" data-track-links=\"\">Segundo a cunhada do irm\u00e3o de Miriam, ele est\u00e1 cuidando das quatro crian\u00e7as, filhas do casal. Ela informou que o filho mais velho da v\u00edtima tem apenas cinco anos, seguido por tr\u00eas crian\u00e7as de dois meses, 3 e 4 anos.<\/p>\n<\/div>\n<\/div>\n<div class=\"mc-column content-text active-extra-styles\" data-block-type=\"raw\" data-block-weight=\"32\" data-block-id=\"17\">\n<p class=\"content-text__container\">\n<blockquote class=\"content-blockquote theme-border-color-primary-before\"><p>\u201cAs crian\u00e7as estavam presentes e viram o pai matar a m\u00e3e espancada com um peda\u00e7o de pau. O menino mais velho relatou que o papai bateu muito na mam\u00e3e\u201d, explicou a mulher.<\/p><\/blockquote>\n<p class=\"content-publication-data__from\" title=\"Gabriela Mac\u00eado, g1 Goi\u00e1s\">Por Gabriela Mac\u00eado, g1 Goi\u00e1s<\/p>\n<\/div>\n<\/div>\n","protected":false},"excerpt":{"rendered":"<p>O homem suspeito de espancar at\u00e9 a morte na frente dos filhos foi preso em Senador Canedo, na Regi\u00e3o Metropolitana de Goi\u00e2nia. A informa\u00e7\u00e3o foi divulgada pela Pol\u00edcia Penal e pela Guarda Civil Metropolitana nesta quarta-feira (21). &nbsp; &nbsp; De acordo com a Pol\u00edcia Penal, a pris\u00e3o foi realizada nas proximidades do pres\u00eddio, quando o [&hellip;]<\/p>\n","protected":false},"author":5,"featured_media":243060,"comment_status":"closed","ping_status":"closed","sticky":false,"template":"","format":"standard","meta":{"footnotes":""},"categories":[141,38],"tags":[],"class_list":["post-243313","post","type-post","status-publish","format-standard","has-post-thumbnail","hentry","category-goias","category-policia"],"_links":{"self":[{"href":"https:\/\/www.ocorreionews.com.br\/acervo-correio\/index.php?rest_route=\/wp\/v2\/posts\/243313","targetHints":{"allow":["GET"]}}],"collection":[{"href":"https:\/\/www.ocorreionews.com.br\/acervo-correio\/index.php?rest_route=\/wp\/v2\/posts"}],"about":[{"href":"https:\/\/www.ocorreionews.com.br\/acervo-correio\/index.php?rest_route=\/wp\/v2\/types\/post"}],"author":[{"embeddable":true,"href":"https:\/\/www.ocorreionews.com.br\/acervo-correio\/index.php?rest_route=\/wp\/v2\/users\/5"}],"replies":[{"embeddable":true,"href":"https:\/\/www.ocorreionews.com.br\/acervo-correio\/index.php?rest_route=%2Fwp%2Fv2%2Fcomments&post=243313"}],"version-history":[{"count":1,"href":"https:\/\/www.ocorreionews.com.br\/acervo-correio\/index.php?rest_route=\/wp\/v2\/posts\/243313\/revisions"}],"predecessor-version":[{"id":243317,"href":"https:\/\/www.ocorreionews.com.br\/acervo-correio\/index.php?rest_route=\/wp\/v2\/posts\/243313\/revisions\/243317"}],"wp:featuredmedia":[{"embeddable":true,"href":"https:\/\/www.ocorreionews.com.br\/acervo-correio\/index.php?rest_route=\/wp\/v2\/media\/243060"}],"wp:attachment":[{"href":"https:\/\/www.ocorreionews.com.br\/acervo-correio\/index.php?rest_route=%2Fwp%2Fv2%2Fmedia&parent=243313"}],"wp:term":[{"taxonomy":"category","embeddable":true,"href":"https:\/\/www.ocorreionews.com.br\/acervo-correio\/index.php?rest_route=%2Fwp%2Fv2%2Fcategories&post=243313"},{"taxonomy":"post_tag","embeddable":true,"href":"https:\/\/www.ocorreionews.com.br\/acervo-correio\/index.php?rest_route=%2Fwp%2Fv2%2Ftags&post=243313"}],"curies":[{"name":"wp","href":"https:\/\/api.w.org\/{rel}","templated":true}]}}