{"id":243319,"date":"2023-06-22T10:42:08","date_gmt":"2023-06-22T14:42:08","guid":{"rendered":"https:\/\/www.ocorreionews.com.br\/acervo-correio\/?p=243319"},"modified":"2023-06-22T10:42:08","modified_gmt":"2023-06-22T14:42:08","slug":"homem-e-preso-ao-agredir-e-queimar-o-cabelo-de-mulher-no-centro-de-chapadao-do-sul","status":"publish","type":"post","link":"https:\/\/www.ocorreionews.com.br\/acervo-correio\/?p=243319","title":{"rendered":"Homem \u00e9 preso ao agredir e queimar o cabelo de mulher no Centro de Chapad\u00e3o do Sul"},"content":{"rendered":"<p>Na noite desta quarta-feira (21), um homem de 37 anos, foi preso ap\u00f3s agredir uma mulher, amea\u00e7a-la um fac\u00e3o e ainda queimar o cabelo da v\u00edtima em Chapad\u00e3o do Sul.<\/p>\n<p>Segundo informa\u00e7\u00f5es do Boletim de Ocorr\u00eancia, por voltas das 21horas, uma guarni\u00e7\u00e3o da Policia Militar de Chapad\u00e3o do Sul realizava ronda no Centro da cidade, quando foi acionada para atender uma ocorr\u00eancia de viol\u00eancia dom\u00e9stica na Avenida 33.<\/p>\n<p>Ao chegarem ao endere\u00e7o informado, os militares observou que o autor estava possivelmente sobre posse de um fac\u00e3o, a v\u00edtima uma mulher de 36 anos, relatou que foi agredida com socos na cabe\u00e7a, amea\u00e7ada com o fac\u00e3o e teve parte de seu cabelo queimado pelo autor.<\/p>\n<p>Os dois foram encaminhados para que seja realizado o exame de corpo de delito e depois para a Delegacia de Pol\u00edcia Civil para tomar as medidas cab\u00edveis.<\/p>\n<p>&nbsp;<\/p>\n<p><em>*O Correio News, com informa\u00e7\u00f5es da <\/em><em>Assessoria de comunica\u00e7\u00e3o da 4\u00aaCIPM.<\/em><\/p>\n","protected":false},"excerpt":{"rendered":"<p>Na noite desta quarta-feira (21), um homem de 37 anos, foi preso ap\u00f3s agredir uma mulher, amea\u00e7a-la um fac\u00e3o e ainda queimar o cabelo da v\u00edtima em Chapad\u00e3o do Sul. Segundo informa\u00e7\u00f5es do Boletim de Ocorr\u00eancia, por voltas das 21horas, uma guarni\u00e7\u00e3o da Policia Militar de Chapad\u00e3o do Sul realizava ronda no Centro da cidade, [&hellip;]<\/p>\n","protected":false},"author":5,"featured_media":243075,"comment_status":"closed","ping_status":"closed","sticky":false,"template":"","format":"standard","meta":{"footnotes":""},"categories":[23,38],"tags":[],"class_list":["post-243319","post","type-post","status-publish","format-standard","has-post-thumbnail","hentry","category-chapadao-do-sul","category-policia"],"_links":{"self":[{"href":"https:\/\/www.ocorreionews.com.br\/acervo-correio\/index.php?rest_route=\/wp\/v2\/posts\/243319","targetHints":{"allow":["GET"]}}],"collection":[{"href":"https:\/\/www.ocorreionews.com.br\/acervo-correio\/index.php?rest_route=\/wp\/v2\/posts"}],"about":[{"href":"https:\/\/www.ocorreionews.com.br\/acervo-correio\/index.php?rest_route=\/wp\/v2\/types\/post"}],"author":[{"embeddable":true,"href":"https:\/\/www.ocorreionews.com.br\/acervo-correio\/index.php?rest_route=\/wp\/v2\/users\/5"}],"replies":[{"embeddable":true,"href":"https:\/\/www.ocorreionews.com.br\/acervo-correio\/index.php?rest_route=%2Fwp%2Fv2%2Fcomments&post=243319"}],"version-history":[{"count":1,"href":"https:\/\/www.ocorreionews.com.br\/acervo-correio\/index.php?rest_route=\/wp\/v2\/posts\/243319\/revisions"}],"predecessor-version":[{"id":243320,"href":"https:\/\/www.ocorreionews.com.br\/acervo-correio\/index.php?rest_route=\/wp\/v2\/posts\/243319\/revisions\/243320"}],"wp:featuredmedia":[{"embeddable":true,"href":"https:\/\/www.ocorreionews.com.br\/acervo-correio\/index.php?rest_route=\/wp\/v2\/media\/243075"}],"wp:attachment":[{"href":"https:\/\/www.ocorreionews.com.br\/acervo-correio\/index.php?rest_route=%2Fwp%2Fv2%2Fmedia&parent=243319"}],"wp:term":[{"taxonomy":"category","embeddable":true,"href":"https:\/\/www.ocorreionews.com.br\/acervo-correio\/index.php?rest_route=%2Fwp%2Fv2%2Fcategories&post=243319"},{"taxonomy":"post_tag","embeddable":true,"href":"https:\/\/www.ocorreionews.com.br\/acervo-correio\/index.php?rest_route=%2Fwp%2Fv2%2Ftags&post=243319"}],"curies":[{"name":"wp","href":"https:\/\/api.w.org\/{rel}","templated":true}]}}