{"id":243451,"date":"2023-06-23T13:51:31","date_gmt":"2023-06-23T17:51:31","guid":{"rendered":"https:\/\/www.ocorreionews.com.br\/acervo-correio\/?p=243451"},"modified":"2023-06-23T13:51:31","modified_gmt":"2023-06-23T17:51:31","slug":"em-menos-de-48h-duas-pessoas-sao-presas-com-mandado-de-prisao-em-chapadao-do-sul","status":"publish","type":"post","link":"https:\/\/www.ocorreionews.com.br\/acervo-correio\/?p=243451","title":{"rendered":"Em menos de 48h duas pessoas s\u00e3o presas com mandado de pris\u00e3o em Chapad\u00e3o do Sul"},"content":{"rendered":"<p>Nas \u00faltimas 48 horas duas pessoas foram presas pela Pol\u00edcia Militar de Chapad\u00e3o do Sul com mandatos de pris\u00e3o em aberto.<\/p>\n<p>O primeiro caso aconteceu na manh\u00e3 da \u00faltima quarta-feira (21), onde segundo informa\u00e7\u00f5es do Boletim de Ocorr\u00eancia, por volta das 07 horas, a Pol\u00edcia Militar foi acionada pelo comunicante, que informou que havia um ve\u00edculo suspeito com dois indiv\u00edduos e eles se identificaram como prestadores de servi\u00e7o, e que eles queriam os documentos do comunicante para \u201cfazer a libera\u00e7\u00e3o de seu ve\u00edculo\u201d se n\u00e3o fizesse esse procedimento o ve\u00edculo n\u00e3o seria desbloqueado. Com as caracter\u00edsticas dos indiv\u00edduos, foi feita a abordagem deles na Avenida Dois Centro da cidade, e ao fazer a checagem no sistema da Policia um deles possu\u00eda um mandado de pris\u00e3o em aberto por d\u00e9bitos em pens\u00e3o aliment\u00edcia, diante dos fatos o homem de 31 anos recebeu voz de pris\u00e3o e foi encaminhado para a Delegacia de Pol\u00edcia para os procedimentos cab\u00edveis.<\/p>\n<p>J\u00e1 o segundo caso aconteceu na tarde desta quinta-feira (22), onde de acordo com o Boletim de Ocorr\u00eancia, uma guarni\u00e7\u00e3o da PM realizava um patrulhamento de rotina e por volta das 16h15min, na Av. Goi\u00e1s no Bairro Sibipiruna abordou um ve\u00edculo GM\/Astra de cor branca e foi constatado que o propriet\u00e1rio um jovem de 24 anos, estaria com um mandado de pris\u00e3o em aberto tamb\u00e9m por d\u00e9bitos de pens\u00e3o aliment\u00edcia, o indiv\u00edduo recebeu voz de pris\u00e3o e foi encaminhado para a Delegacia para as medidas cab\u00edveis.<\/p>\n<p>&nbsp;<\/p>\n<p>*\u00a0<em>O Correio News, com informa\u00e7\u00f5es da Assessoria de Comunica\u00e7\u00e3o da 4\u00aaCIPM (Companhia Independente da Pol\u00edcia\u00a0Militar)<\/em><\/p>\n","protected":false},"excerpt":{"rendered":"<p>Nas \u00faltimas 48 horas duas pessoas foram presas pela Pol\u00edcia Militar de Chapad\u00e3o do Sul com mandatos de pris\u00e3o em aberto. O primeiro caso aconteceu na manh\u00e3 da \u00faltima quarta-feira (21), onde segundo informa\u00e7\u00f5es do Boletim de Ocorr\u00eancia, por volta das 07 horas, a Pol\u00edcia Militar foi acionada pelo comunicante, que informou que havia um [&hellip;]<\/p>\n","protected":false},"author":5,"featured_media":243079,"comment_status":"closed","ping_status":"closed","sticky":false,"template":"","format":"standard","meta":{"footnotes":""},"categories":[23],"tags":[],"class_list":["post-243451","post","type-post","status-publish","format-standard","has-post-thumbnail","hentry","category-chapadao-do-sul"],"_links":{"self":[{"href":"https:\/\/www.ocorreionews.com.br\/acervo-correio\/index.php?rest_route=\/wp\/v2\/posts\/243451","targetHints":{"allow":["GET"]}}],"collection":[{"href":"https:\/\/www.ocorreionews.com.br\/acervo-correio\/index.php?rest_route=\/wp\/v2\/posts"}],"about":[{"href":"https:\/\/www.ocorreionews.com.br\/acervo-correio\/index.php?rest_route=\/wp\/v2\/types\/post"}],"author":[{"embeddable":true,"href":"https:\/\/www.ocorreionews.com.br\/acervo-correio\/index.php?rest_route=\/wp\/v2\/users\/5"}],"replies":[{"embeddable":true,"href":"https:\/\/www.ocorreionews.com.br\/acervo-correio\/index.php?rest_route=%2Fwp%2Fv2%2Fcomments&post=243451"}],"version-history":[{"count":1,"href":"https:\/\/www.ocorreionews.com.br\/acervo-correio\/index.php?rest_route=\/wp\/v2\/posts\/243451\/revisions"}],"predecessor-version":[{"id":243452,"href":"https:\/\/www.ocorreionews.com.br\/acervo-correio\/index.php?rest_route=\/wp\/v2\/posts\/243451\/revisions\/243452"}],"wp:featuredmedia":[{"embeddable":true,"href":"https:\/\/www.ocorreionews.com.br\/acervo-correio\/index.php?rest_route=\/wp\/v2\/media\/243079"}],"wp:attachment":[{"href":"https:\/\/www.ocorreionews.com.br\/acervo-correio\/index.php?rest_route=%2Fwp%2Fv2%2Fmedia&parent=243451"}],"wp:term":[{"taxonomy":"category","embeddable":true,"href":"https:\/\/www.ocorreionews.com.br\/acervo-correio\/index.php?rest_route=%2Fwp%2Fv2%2Fcategories&post=243451"},{"taxonomy":"post_tag","embeddable":true,"href":"https:\/\/www.ocorreionews.com.br\/acervo-correio\/index.php?rest_route=%2Fwp%2Fv2%2Ftags&post=243451"}],"curies":[{"name":"wp","href":"https:\/\/api.w.org\/{rel}","templated":true}]}}