{"id":243510,"date":"2023-06-24T12:10:05","date_gmt":"2023-06-24T16:10:05","guid":{"rendered":"https:\/\/www.ocorreionews.com.br\/acervo-correio\/?p=243510"},"modified":"2023-06-25T12:16:37","modified_gmt":"2023-06-25T16:16:37","slug":"mais-de-80-dos-rebanhos-foram-declarados-prazo-termina-no-dia-30","status":"publish","type":"post","link":"https:\/\/www.ocorreionews.com.br\/acervo-correio\/?p=243510","title":{"rendered":"Mais de 80% dos rebanhos foram declarados; prazo termina no dia 30"},"content":{"rendered":"<div id=\"chunk-dt33i\">\n<div class=\"mc-column content-text active-extra-styles \" data-block-type=\"unstyled\" data-block-weight=\"49\" data-block-id=\"3\">\n<p class=\"content-text__container \" data-track-category=\"Link no Texto\" data-track-links=\"\">Apesar da prorroga\u00e7\u00e3o do prazo at\u00e9 30 de junho, nem todos os produtores fizeram a Atualiza\u00e7\u00e3o Cadastral e a Declara\u00e7\u00e3o Semestral de Rebanhos 2023. No Planalto, o \u00edndice est\u00e1 em 85,55% e, no Pantanal, est\u00e1 em 82,18%, segundo a Iagro (Ag\u00eancia Estadual de Defesa Sanit\u00e1ria Animal e Vegetal).<\/p>\n<\/div>\n<\/div>\n<div class=\"wall protected-content\">\n<div id=\"chunk-944q3\">\n<div class=\"mc-column content-text active-extra-styles \" data-block-type=\"unstyled\" data-block-weight=\"17\" data-block-id=\"4\">\n<p class=\"content-text__container \" data-track-category=\"Link no Texto\" data-track-links=\"\">De acordo com o diretor-presidente da Iagro, Daniel Ingold, a prorroga\u00e7\u00e3o atendeu um pedido dos pr\u00f3prios produtores.<\/p>\n<\/div>\n<\/div>\n<div id=\"chunk-78emn\">\n<div class=\"mc-column content-text active-extra-styles \" data-block-type=\"unstyled\" data-block-weight=\"50\" data-block-id=\"5\">\n<p class=\"content-text__container \" data-track-category=\"Link no Texto\" data-track-links=\"\">Ele explicou ainda que a declara\u00e7\u00e3o \u00e9 obrigat\u00f3ria para criadores de bovinos e de outros animais como galinha, galinha-d&#8217;angola, ganso, marreco, pato, peru, ratitas, perdiz, aves n\u00e3o destinadas \u00e0 produ\u00e7\u00e3o de carne ou ovos (ornamentais\/silvestres), codorna, su\u00edno, caprino, ovino, equino, asinino, muar, abelha, bicho da seda e animais aqu\u00e1ticos.<\/p>\n<\/div>\n<\/div>\n<div id=\"chunk-cimaf\">\n<div class=\"content-ads content-ads--reveal\" data-block-type=\"ads\" data-block-id=\"6\">\n<div id=\"banner_materia2\" class=\"tag-manager-publicidade-container mc-has-reveal mc-has-ad-lazyload\" data-id=\"banner_materia2\">\n<div id=\"google_ads_iframe_\/95377733\/tvg_G1\/Sua_Regiao&gt;Centro_Oeste&gt;Mato_Grosso_do_Sul_3__container__\"><\/div>\n<\/div>\n<\/div>\n<\/div>\n<div class=\"mc-column content-text active-extra-styles\" data-block-type=\"raw\" data-block-weight=\"110\" data-block-id=\"7\">\n<p class=\"content-text__container\">\n<blockquote class=\"content-blockquote theme-border-color-primary-before\"><p>&#8220;A pedido dos produtores, nossa Iagro prorrogou o prazo para o dia 30 de junho para fazer recadastramento, atualiza\u00e7\u00e3o do cadastro e declara\u00e7\u00e3o do rebanho. Vale lembrar que esse cadastro deve ser feito mesmo se a pessoa n\u00e3o tiver nenhum estoque de bovino. Se tiver qualquer tipo de animal dentro da sua propriedade, (como) cavalo, peru, galinha, vai ter que fazer cadastro disso. Se n\u00e3o for feito, vai receber multa que \u00e9 de 100 Uferms, que hoje corresponde a R$ 4,8 mil. Contamos com o produtor rural para a libera\u00e7\u00e3o do Estado de Mato Grosso do Sul para caminhar para o status sanit\u00e1rio de livre de aftosa sem vacina\u00e7\u00e3o&#8221;, disse.<\/p><\/blockquote>\n<p>Por g1 MS<\/p><\/div>\n<\/div>\n","protected":false},"excerpt":{"rendered":"<p>Apesar da prorroga\u00e7\u00e3o do prazo at\u00e9 30 de junho, nem todos os produtores fizeram a Atualiza\u00e7\u00e3o Cadastral e a Declara\u00e7\u00e3o Semestral de Rebanhos 2023. No Planalto, o \u00edndice est\u00e1 em 85,55% e, no Pantanal, est\u00e1 em 82,18%, segundo a Iagro (Ag\u00eancia Estadual de Defesa Sanit\u00e1ria Animal e Vegetal). De acordo com o diretor-presidente da Iagro, [&hellip;]<\/p>\n","protected":false},"author":5,"featured_media":241400,"comment_status":"closed","ping_status":"closed","sticky":false,"template":"","format":"standard","meta":{"footnotes":""},"categories":[17],"tags":[],"class_list":["post-243510","post","type-post","status-publish","format-standard","has-post-thumbnail","hentry","category-agropecuaria"],"_links":{"self":[{"href":"https:\/\/www.ocorreionews.com.br\/acervo-correio\/index.php?rest_route=\/wp\/v2\/posts\/243510","targetHints":{"allow":["GET"]}}],"collection":[{"href":"https:\/\/www.ocorreionews.com.br\/acervo-correio\/index.php?rest_route=\/wp\/v2\/posts"}],"about":[{"href":"https:\/\/www.ocorreionews.com.br\/acervo-correio\/index.php?rest_route=\/wp\/v2\/types\/post"}],"author":[{"embeddable":true,"href":"https:\/\/www.ocorreionews.com.br\/acervo-correio\/index.php?rest_route=\/wp\/v2\/users\/5"}],"replies":[{"embeddable":true,"href":"https:\/\/www.ocorreionews.com.br\/acervo-correio\/index.php?rest_route=%2Fwp%2Fv2%2Fcomments&post=243510"}],"version-history":[{"count":1,"href":"https:\/\/www.ocorreionews.com.br\/acervo-correio\/index.php?rest_route=\/wp\/v2\/posts\/243510\/revisions"}],"predecessor-version":[{"id":243512,"href":"https:\/\/www.ocorreionews.com.br\/acervo-correio\/index.php?rest_route=\/wp\/v2\/posts\/243510\/revisions\/243512"}],"wp:featuredmedia":[{"embeddable":true,"href":"https:\/\/www.ocorreionews.com.br\/acervo-correio\/index.php?rest_route=\/wp\/v2\/media\/241400"}],"wp:attachment":[{"href":"https:\/\/www.ocorreionews.com.br\/acervo-correio\/index.php?rest_route=%2Fwp%2Fv2%2Fmedia&parent=243510"}],"wp:term":[{"taxonomy":"category","embeddable":true,"href":"https:\/\/www.ocorreionews.com.br\/acervo-correio\/index.php?rest_route=%2Fwp%2Fv2%2Fcategories&post=243510"},{"taxonomy":"post_tag","embeddable":true,"href":"https:\/\/www.ocorreionews.com.br\/acervo-correio\/index.php?rest_route=%2Fwp%2Fv2%2Ftags&post=243510"}],"curies":[{"name":"wp","href":"https:\/\/api.w.org\/{rel}","templated":true}]}}