{"id":243513,"date":"2023-06-24T12:17:22","date_gmt":"2023-06-24T16:17:22","guid":{"rendered":"https:\/\/www.ocorreionews.com.br\/acervo-correio\/?p=243513"},"modified":"2023-06-25T12:22:51","modified_gmt":"2023-06-25T16:22:51","slug":"jogo-beneficente-de-eder-militao-e-amigos-em-campo-grande-deve-mudar-de-local","status":"publish","type":"post","link":"https:\/\/www.ocorreionews.com.br\/acervo-correio\/?p=243513","title":{"rendered":"Jogo beneficente de \u00c9der Milit\u00e3o e amigos em Campo Grande deve mudar de local"},"content":{"rendered":"<div id=\"chunk-evajn\">\n<div class=\"mc-column content-text active-extra-styles \" data-block-type=\"unstyled\" data-block-weight=\"33\" data-block-id=\"3\">\n<p class=\"content-text__container \" data-track-category=\"Link no Texto\" data-track-links=\"\">O jogo beneficente organizado pelo zagueiro do Real Madrid e da Sele\u00e7\u00e3o Brasileira, \u00c9der Milit\u00e3o, e que promete reunir v\u00e1rias celebridades em Campo Grande, na ter\u00e7a-feira (27), \u00e0s 20h30, deve mudar de local.<\/p>\n<p data-track-category=\"Link no Texto\" data-track-links=\"\">\n<\/div>\n<\/div>\n<div class=\"wall protected-content\">\n<div id=\"chunk-1b31l\">\n<div class=\"mc-column content-text active-extra-styles \" data-block-type=\"unstyled\" data-block-weight=\"45\" data-block-id=\"4\">\n<p class=\"content-text__container \" data-track-category=\"Link no Texto\" data-track-links=\"\">Inicialmente, a partida seria realizada no est\u00e1dio Moren\u00e3o, que passa por reforma desde julho de 2022, no entanto, a organiza\u00e7\u00e3o optou pela troca do local. Motivo: muitas pend\u00eancias estruturais a resolver, que v\u00e3o de isolamento de \u00e1reas em obra at\u00e9 reparos nos refletores do Moren\u00e3o.<\/p>\n<p data-track-category=\"Link no Texto\" data-track-links=\"\">\n<\/div>\n<\/div>\n<div id=\"chunk-6ogg\">\n<div class=\"mc-column content-text active-extra-styles \" data-block-type=\"unstyled\" data-block-weight=\"30\" data-block-id=\"5\">\n<p class=\"content-text__container \" data-track-category=\"Link no Texto\" data-track-links=\"\">Agora, o jogo beneficente \u201cAmigos Contra a Fome\u201d deve ser realizado no est\u00e1dio Jacques da Luz, que fica no parque do bairro Moreninha e tem capacidade para 3,5 mil torcedores.<\/p>\n<p data-track-category=\"Link no Texto\" data-track-links=\"\">\n<\/div>\n<\/div>\n<div id=\"chunk-6s6c3\">\n<div class=\"content-ads content-ads--reveal\" data-block-type=\"ads\" data-block-id=\"6\">\n<div id=\"banner_materia2\" class=\"tag-manager-publicidade-container mc-has-reveal mc-has-ad-lazyload\" data-id=\"banner_materia2\"><\/div>\n<\/div>\n<\/div>\n<div id=\"chunk-34hli\">\n<div class=\"mc-column content-text active-extra-styles \" data-block-type=\"unstyled\" data-block-weight=\"31\" data-block-id=\"7\">\n<p class=\"content-text__container \" data-track-category=\"Link no Texto\" data-track-links=\"\">O diretor-presidente da Funesp (Funda\u00e7\u00e3o Municipal de Esportes), Odair Serrano, confirmou ao Primeira P\u00e1gina que foi procurado pela organiza\u00e7\u00e3o do amistoso e que pediu para enviarem um documento oficializando o pedido.<\/p>\n<\/div>\n<\/div>\n<p class=\"content-text__container\">\n<div class=\"mc-column content-text active-extra-styles\" data-block-type=\"raw\" data-block-weight=\"20\" data-block-id=\"8\">\n<blockquote class=\"content-blockquote theme-border-color-primary-before\"><p>\u201cSobre realizar n\u00e3o tem problema, pois o est\u00e1dio tem todas as libera\u00e7\u00f5es. Verbalmente, j\u00e1 coloquei \u00e0 disposi\u00e7\u00e3o\u201d, afirmou Odair Serrano.<\/p><\/blockquote>\n<p>&nbsp;<\/p>\n<\/div>\n<p class=\"content-text__container\">\n<div class=\"mc-column content-text active-extra-styles\" data-block-type=\"raw\" data-block-weight=\"4\" data-block-id=\"9\">\n<div class=\"content-intertitle\">\n<h2><strong>Amigos Contra a Fome<\/strong><\/h2>\n<p>&nbsp;<\/p>\n<\/div>\n<p>&nbsp;<\/p>\n<\/div>\n<div id=\"chunk-beelv\">\n<div class=\"row medium-uncollapsed content-media content-photo\" data-block-type=\"backstage-photo\" data-block-id=\"10\">\n<div class=\"mc-column content-media__container\">\n<div class=\"content-media-container glb-skeleton-box\">\n<figure class=\"content-media-figure\">\n<p><figure style=\"width: 647px\" class=\"wp-caption aligncenter\"><img loading=\"lazy\" decoding=\"async\" class=\"i-amphtml-fill-content i-amphtml-replaced-content\" src=\"https:\/\/s2-ge.glbimg.com\/fbOj-Y3nP_YzIFp2K0fMzmVdSqg=\/0x451:739x973\/984x0\/smart\/filters:strip_icc()\/i.s3.glbimg.com\/v1\/AUTH_bc8228b6673f488aa253bbcb03c80ec5\/internal_photos\/bs\/2023\/7\/m\/5wMhxMTwq72vLzsTZTow\/whatsapp-image-2023-06-21-at-10.59.12.jpeg\" sizes=\"auto, (max-width: 1366px) 648px, 100vw\" srcset=\"https:\/\/s2-ge.glbimg.com\/rN_Mo_eVX-IgNPVVPM3NHdf14mY=\/0x451:739x973\/1000x0\/smart\/filters:strip_icc()\/i.s3.glbimg.com\/v1\/AUTH_bc8228b6673f488aa253bbcb03c80ec5\/internal_photos\/bs\/2023\/7\/m\/5wMhxMTwq72vLzsTZTow\/whatsapp-image-2023-06-21-at-10.59.12.jpeg 1000w, https:\/\/s2-ge.glbimg.com\/fbOj-Y3nP_YzIFp2K0fMzmVdSqg=\/0x451:739x973\/984x0\/smart\/filters:strip_icc()\/i.s3.glbimg.com\/v1\/AUTH_bc8228b6673f488aa253bbcb03c80ec5\/internal_photos\/bs\/2023\/7\/m\/5wMhxMTwq72vLzsTZTow\/whatsapp-image-2023-06-21-at-10.59.12.jpeg 984w, https:\/\/s2-ge.glbimg.com\/o1W_2tkCa06O5KHMkEZEsKShAxM=\/0x451:739x973\/640x0\/smart\/filters:strip_icc()\/i.s3.glbimg.com\/v1\/AUTH_bc8228b6673f488aa253bbcb03c80ec5\/internal_photos\/bs\/2023\/7\/m\/5wMhxMTwq72vLzsTZTow\/whatsapp-image-2023-06-21-at-10.59.12.jpeg 640w, https:\/\/s2-ge.glbimg.com\/4uf2UlCTeH8svu_OTFLyxXmXbE8=\/0x451:739x973\/600x0\/smart\/filters:strip_icc()\/i.s3.glbimg.com\/v1\/AUTH_bc8228b6673f488aa253bbcb03c80ec5\/internal_photos\/bs\/2023\/7\/m\/5wMhxMTwq72vLzsTZTow\/whatsapp-image-2023-06-21-at-10.59.12.jpeg 600w\" alt=\"Amigos contra a fome \u00e9der milit\u00e3o jogo beneficente  \u2014 Foto: Divulga\u00e7\u00e3o\" width=\"647\" height=\"457\" \/><figcaption class=\"wp-caption-text\">Amigos contra a fome \u00e9der milit\u00e3o jogo beneficente \u2014 Foto: Divulga\u00e7\u00e3o<\/figcaption><\/figure><\/figure>\n<\/div>\n<p class=\"content-media__description \">\n<p>&nbsp;<\/p>\n<\/div>\n<\/div>\n<\/div>\n<div id=\"chunk-2r0b\">\n<div class=\"mc-column content-text active-extra-styles \" data-block-type=\"unstyled\" data-block-weight=\"59\" data-block-id=\"11\">\n<p class=\"content-text__container \" data-track-category=\"Link no Texto\" data-track-links=\"\">Entre os confirmados na partida beneficente est\u00e3o o ex-jogador Valdo, que \u00e9 pai de \u00c9der Milit\u00e3o, o youtuber Negrete, MC Daniel, Marcelinho Carioca e Emerson Sheik, \u00eddolos da torcida do Corinthians. Companheiros de equipe do Real Madrid tamb\u00e9m foram convidados, como Vini Jr. e Rodrygo, conforme a assessoria de Milit\u00e3o, h\u00e1 a expectativa de que eles compare\u00e7am no evento.<\/p>\n<\/div>\n<\/div>\n<div id=\"chunk-dgvln\">\n<div class=\"content-ads content-ads--reveal\" data-block-type=\"ads\" data-block-id=\"12\">\n<div id=\"banner_materia__d271994a-f39a-4528-b449-2e32a173a08c\" class=\"tag-manager-publicidade-container mc-has-reveal mc-has-ad-lazyload tag-manager-publicidade-banner_materia__d271994a-f39a-4528-b449-2e32a173a08c tag-manager-publicidade-container--carregado tag-manager-publicidade-container--visivel\" data-id=\"banner_materia__d271994a-f39a-4528-b449-2e32a173a08c\" data-google-query-id=\"CPTa0pDq3v8CFWmKlQIdPagDUQ\">\n<div id=\"google_ads_iframe_\/95377733\/tvg_GE\/Sua_Regiao&gt;Centro_Oeste&gt;Mato_Grosso_do_Sul_4__container__\"><\/div>\n<\/div>\n<\/div>\n<\/div>\n<div id=\"chunk-fguch\">\n<div class=\"mc-column content-text active-extra-styles \" data-block-type=\"unstyled\" data-block-weight=\"32\" data-block-id=\"13\">\n<p class=\"content-text__container \" data-track-category=\"Link no Texto\" data-track-links=\"\">O jogo visa arrecadar alimentos, que ser\u00e3o doados a institui\u00e7\u00f5es de Campo Grande. Para tanto, ser\u00e1 necess\u00e1rio doar 3 kg de alimento n\u00e3o perec\u00edvel em troca de cada ingresso para a partida.<\/p>\n<p data-track-category=\"Link no Texto\" data-track-links=\"\">\n<\/div>\n<\/div>\n<div data-track-category=\"multicontent\" data-track-action=\"ultimo chunk conteudo\" data-track-noninteraction=\"false\" data-track-scroll=\"view\">\n<div id=\"chunk-132cd\">\n<div class=\"mc-column content-text active-extra-styles \" data-block-type=\"unstyled\" data-block-weight=\"24\" data-block-id=\"14\">\n<p class=\"content-text__container \" data-track-category=\"Link no Texto\" data-track-links=\"\">A organiza\u00e7\u00e3o do amistoso informou que a troca de alimentos por ingressos ser\u00e1 na segunda-feira (26). Os pontos de troca ainda est\u00e3o sendo definidos.<\/p>\n<p data-track-category=\"Link no Texto\" data-track-links=\"\">\n<p data-track-category=\"Link no Texto\" data-track-links=\"\">\n<p class=\"content-text__container \" data-track-category=\"Link no Texto\" data-track-links=\"\">Por Fernando da Mata, ge MS<\/p>\n<\/div>\n<\/div>\n<\/div>\n<\/div>\n","protected":false},"excerpt":{"rendered":"<p>O jogo beneficente organizado pelo zagueiro do Real Madrid e da Sele\u00e7\u00e3o Brasileira, \u00c9der Milit\u00e3o, e que promete reunir v\u00e1rias celebridades em Campo Grande, na ter\u00e7a-feira (27), \u00e0s 20h30, deve mudar de local. Inicialmente, a partida seria realizada no est\u00e1dio Moren\u00e3o, que passa por reforma desde julho de 2022, no entanto, a organiza\u00e7\u00e3o optou pela [&hellip;]<\/p>\n","protected":false},"author":5,"featured_media":243177,"comment_status":"closed","ping_status":"closed","sticky":false,"template":"","format":"standard","meta":{"footnotes":""},"categories":[29],"tags":[],"class_list":["post-243513","post","type-post","status-publish","format-standard","has-post-thumbnail","hentry","category-esporte"],"_links":{"self":[{"href":"https:\/\/www.ocorreionews.com.br\/acervo-correio\/index.php?rest_route=\/wp\/v2\/posts\/243513","targetHints":{"allow":["GET"]}}],"collection":[{"href":"https:\/\/www.ocorreionews.com.br\/acervo-correio\/index.php?rest_route=\/wp\/v2\/posts"}],"about":[{"href":"https:\/\/www.ocorreionews.com.br\/acervo-correio\/index.php?rest_route=\/wp\/v2\/types\/post"}],"author":[{"embeddable":true,"href":"https:\/\/www.ocorreionews.com.br\/acervo-correio\/index.php?rest_route=\/wp\/v2\/users\/5"}],"replies":[{"embeddable":true,"href":"https:\/\/www.ocorreionews.com.br\/acervo-correio\/index.php?rest_route=%2Fwp%2Fv2%2Fcomments&post=243513"}],"version-history":[{"count":1,"href":"https:\/\/www.ocorreionews.com.br\/acervo-correio\/index.php?rest_route=\/wp\/v2\/posts\/243513\/revisions"}],"predecessor-version":[{"id":243517,"href":"https:\/\/www.ocorreionews.com.br\/acervo-correio\/index.php?rest_route=\/wp\/v2\/posts\/243513\/revisions\/243517"}],"wp:featuredmedia":[{"embeddable":true,"href":"https:\/\/www.ocorreionews.com.br\/acervo-correio\/index.php?rest_route=\/wp\/v2\/media\/243177"}],"wp:attachment":[{"href":"https:\/\/www.ocorreionews.com.br\/acervo-correio\/index.php?rest_route=%2Fwp%2Fv2%2Fmedia&parent=243513"}],"wp:term":[{"taxonomy":"category","embeddable":true,"href":"https:\/\/www.ocorreionews.com.br\/acervo-correio\/index.php?rest_route=%2Fwp%2Fv2%2Fcategories&post=243513"},{"taxonomy":"post_tag","embeddable":true,"href":"https:\/\/www.ocorreionews.com.br\/acervo-correio\/index.php?rest_route=%2Fwp%2Fv2%2Ftags&post=243513"}],"curies":[{"name":"wp","href":"https:\/\/api.w.org\/{rel}","templated":true}]}}