{"id":243528,"date":"2023-06-24T17:54:10","date_gmt":"2023-06-24T21:54:10","guid":{"rendered":"https:\/\/www.ocorreionews.com.br\/acervo-correio\/?p=243528"},"modified":"2023-06-25T17:56:02","modified_gmt":"2023-06-25T21:56:02","slug":"artesao-e-toda-populacao-participem-da-conferencia-popular-da-lei-paulo-gustavo","status":"publish","type":"post","link":"https:\/\/www.ocorreionews.com.br\/acervo-correio\/?p=243528","title":{"rendered":"Artes\u00e3o e toda popula\u00e7\u00e3o participem da  Confer\u00eancia Popular da Lei Paulo Gustavo"},"content":{"rendered":"<p>A Prefeitura de Chapad\u00e3o do Sul atrav\u00e9s da Secretaria de Educa\u00e7\u00e3o e Cultura, convida a toda popula\u00e7\u00e3o para participar no dia 28 de junho da Confer\u00eancia Popular da Lei Paulo Gustavo, que acontecer\u00e1 no plen\u00e1rio da C\u00e2mara dos Vereadores a partir das 19 horas.<\/p>\n<p>Lei Paulo Gustavo<\/p>\n<p>A Lei Paulo Gustavo (Lei Complementar n\u00ba 195, de 08 de julho de 2022) disp\u00f5e sobre a\u00e7\u00f5es emergenciais destinadas ao setor cultural a serem adotadas em decorr\u00eancia dos efeitos econ\u00f4micos e sociais da pandemia da covid-19.<\/p>\n<p>Ela prev\u00ea o repasse de R$ 3,862 bilh\u00f5es a estados, munic\u00edpios e ao Distrito Federal para aplica\u00e7\u00e3o em a\u00e7\u00f5es emergenciais que visem a combater e mitigar os efeitos da pandemia da covid-19 sobre o setor cultural.<\/p>\n<p><img decoding=\"async\" src=\"http:\/\/chapadaodosul.kinghost.net\/admin\/arquivos\/imagem\/Imagem do WhatsApp de 2023-06-23 \u00e0(s) 09.17.36.jpg\" \/><\/p>\n","protected":false},"excerpt":{"rendered":"<p>A Prefeitura de Chapad\u00e3o do Sul atrav\u00e9s da Secretaria de Educa\u00e7\u00e3o e Cultura, convida a toda popula\u00e7\u00e3o para participar no dia 28 de junho da Confer\u00eancia Popular da Lei Paulo Gustavo, que acontecer\u00e1 no plen\u00e1rio da C\u00e2mara dos Vereadores a partir das 19 horas. Lei Paulo Gustavo A Lei Paulo Gustavo (Lei Complementar n\u00ba 195, [&hellip;]<\/p>\n","protected":false},"author":4,"featured_media":243480,"comment_status":"closed","ping_status":"closed","sticky":false,"template":"","format":"standard","meta":{"footnotes":""},"categories":[23],"tags":[],"class_list":["post-243528","post","type-post","status-publish","format-standard","has-post-thumbnail","hentry","category-chapadao-do-sul"],"_links":{"self":[{"href":"https:\/\/www.ocorreionews.com.br\/acervo-correio\/index.php?rest_route=\/wp\/v2\/posts\/243528","targetHints":{"allow":["GET"]}}],"collection":[{"href":"https:\/\/www.ocorreionews.com.br\/acervo-correio\/index.php?rest_route=\/wp\/v2\/posts"}],"about":[{"href":"https:\/\/www.ocorreionews.com.br\/acervo-correio\/index.php?rest_route=\/wp\/v2\/types\/post"}],"author":[{"embeddable":true,"href":"https:\/\/www.ocorreionews.com.br\/acervo-correio\/index.php?rest_route=\/wp\/v2\/users\/4"}],"replies":[{"embeddable":true,"href":"https:\/\/www.ocorreionews.com.br\/acervo-correio\/index.php?rest_route=%2Fwp%2Fv2%2Fcomments&post=243528"}],"version-history":[{"count":1,"href":"https:\/\/www.ocorreionews.com.br\/acervo-correio\/index.php?rest_route=\/wp\/v2\/posts\/243528\/revisions"}],"predecessor-version":[{"id":243529,"href":"https:\/\/www.ocorreionews.com.br\/acervo-correio\/index.php?rest_route=\/wp\/v2\/posts\/243528\/revisions\/243529"}],"wp:featuredmedia":[{"embeddable":true,"href":"https:\/\/www.ocorreionews.com.br\/acervo-correio\/index.php?rest_route=\/wp\/v2\/media\/243480"}],"wp:attachment":[{"href":"https:\/\/www.ocorreionews.com.br\/acervo-correio\/index.php?rest_route=%2Fwp%2Fv2%2Fmedia&parent=243528"}],"wp:term":[{"taxonomy":"category","embeddable":true,"href":"https:\/\/www.ocorreionews.com.br\/acervo-correio\/index.php?rest_route=%2Fwp%2Fv2%2Fcategories&post=243528"},{"taxonomy":"post_tag","embeddable":true,"href":"https:\/\/www.ocorreionews.com.br\/acervo-correio\/index.php?rest_route=%2Fwp%2Fv2%2Ftags&post=243528"}],"curies":[{"name":"wp","href":"https:\/\/api.w.org\/{rel}","templated":true}]}}