{"id":243541,"date":"2023-06-24T21:03:33","date_gmt":"2023-06-25T01:03:33","guid":{"rendered":"https:\/\/www.ocorreionews.com.br\/acervo-correio\/?p=243541"},"modified":"2023-06-26T08:47:44","modified_gmt":"2023-06-26T12:47:44","slug":"chapadao-do-sul-e-contemplado-com-o-programa-ms-moradia-e-projeto-bonus-moradia","status":"publish","type":"post","link":"https:\/\/www.ocorreionews.com.br\/acervo-correio\/?p=243541","title":{"rendered":"Chapad\u00e3o do Sul \u00e9 contemplado com o projeto \u201cB\u00f4nus Moradia\u201d"},"content":{"rendered":"<p>O Governo do Estado lan\u00e7ou na \u00faltima sexta-feira, 23, projeto \u201cB\u00f4nus Moradia\u201d, que faz parte do Programa Estadual \u201cMS Moradia\u201d, que ir\u00e1 auxiliar a popula\u00e7\u00e3o na aquisi\u00e7\u00e3o de casa pr\u00f3pria por meio de financiamento.<\/p>\n<p>Munic\u00edpios com popula\u00e7\u00e3o acima de 30 mil habitantes participar\u00e3o, e Chapad\u00e3o do Sul foi selecionado no programa.<\/p>\n<p>O &#8220;B\u00f4nus Moradia&#8221; vai beneficiar pessoas com renda familiar entre R$ 1,5 mil e R$ 6,5 mil, com subs\u00eddios que variam de R$ 6 mil a R$ 25 mil para as fam\u00edlias que aderirem ao projeto darem de entrada na compra de suas resid\u00eancias. A previs\u00e3o \u00e9 de contrata\u00e7\u00e3o, para este ano, de 2.210 unidades com custo de at\u00e9 R$ 208 mil. O valor dos empreendimentos varia conforme a popula\u00e7\u00e3o municipal e as regras de financiamento que podem ser a partir de R$ 142 mil.<\/p>\n<p>O prefeito de Chapad\u00e3o do Sul, Jo\u00e3o Carlos Krug, refor\u00e7ou a import\u00e2ncia deste projeto para nossa cidade. \u201cNossa popula\u00e7\u00e3o ter\u00e1 a oportunidade de adquirir a t\u00e3o sonhada casa pr\u00f3pria, isto nos enche de alegria, a qualidade de vida e a prosperidade aumentando cada dia mais para o cidad\u00e3o sul-chapadense.\u201d Disse.<\/p>\n<p><strong>Ades\u00e3o ao projeto<\/strong><\/p>\n<figure id=\"attachment_440122\" class=\"wp-caption alignright\" aria-describedby=\"caption-attachment-440122\"><a href=\"https:\/\/agenciadenoticias.ms.gov.br\/wp-content\/uploads\/2023\/06\/Governador-participa-do-lancamento-do-MS-Moradia-Foto-Bruno-Rezende-08-scaled.jpg\"><img loading=\"lazy\" decoding=\"async\" class=\"wp-image-440122 size-medium\" src=\"https:\/\/agenciadenoticias.ms.gov.br\/wp-content\/uploads\/2023\/06\/Governador-participa-do-lancamento-do-MS-Moradia-Foto-Bruno-Rezende-08-300x200.jpg\" sizes=\"auto, (max-width: 300px) 100vw, 300px\" srcset=\"https:\/\/agenciadenoticias.ms.gov.br\/wp-content\/uploads\/2023\/06\/Governador-participa-do-lancamento-do-MS-Moradia-Foto-Bruno-Rezende-08-300x200.jpg 300w, https:\/\/agenciadenoticias.ms.gov.br\/wp-content\/uploads\/2023\/06\/Governador-participa-do-lancamento-do-MS-Moradia-Foto-Bruno-Rezende-08-1024x683.jpg 1024w, https:\/\/agenciadenoticias.ms.gov.br\/wp-content\/uploads\/2023\/06\/Governador-participa-do-lancamento-do-MS-Moradia-Foto-Bruno-Rezende-08-768x512.jpg 768w, https:\/\/agenciadenoticias.ms.gov.br\/wp-content\/uploads\/2023\/06\/Governador-participa-do-lancamento-do-MS-Moradia-Foto-Bruno-Rezende-08-1536x1024.jpg 1536w, https:\/\/agenciadenoticias.ms.gov.br\/wp-content\/uploads\/2023\/06\/Governador-participa-do-lancamento-do-MS-Moradia-Foto-Bruno-Rezende-08-2048x1365.jpg 2048w, https:\/\/agenciadenoticias.ms.gov.br\/wp-content\/uploads\/2023\/06\/Governador-participa-do-lancamento-do-MS-Moradia-Foto-Bruno-Rezende-08-350x232.jpg 350w, https:\/\/agenciadenoticias.ms.gov.br\/wp-content\/uploads\/2023\/06\/Governador-participa-do-lancamento-do-MS-Moradia-Foto-Bruno-Rezende-08-scaled.jpg 1920w\" alt=\"\" width=\"300\" height=\"200\" \/><\/a><figcaption id=\"caption-attachment-440122\" class=\"wp-caption-text\"><em>Diretora-presidente da Agehab, Maria do Carmo Avesani<\/em><\/figcaption><\/figure>\n<p>A diretora-presidente da Agehab (Ag\u00eancia de Habita\u00e7\u00e3o Popular de Mato Grosso do Sul), Maria do Carmo Avesani, explicou que a ades\u00e3o ao \u201cB\u00f4nus Moradia\u201d j\u00e1 est\u00e1 aberta para a popula\u00e7\u00e3o. A pessoa que tem cadastro pode entrar no site da institui\u00e7\u00e3o e se inscrever.<\/p>\n<p><a class=\"\" href=\"https:\/\/www.agehab.ms.gov.br\/projeto-bonus-moradia\/\" target=\"_blank\" rel=\"noopener\"><strong>CLIQUE AQUI PARA FAZER A SUA INSCRI\u00c7\u00c3O <\/strong><\/a><\/p>\n<p>\u201cEla vai acessar o site da Agehab e se cadastrar no projeto. Poder\u00e1 ver a rela\u00e7\u00e3o de im\u00f3veis para financiamento e escolher a que for mais conveniente em rela\u00e7\u00e3o ao valor e local. Depois a empresa (privada) e a Agehab v\u00e3o fazer a an\u00e1lise para o financiamento e b\u00f4nus\u201d, destacou ela.<\/p>\n<p>Quanto menor a renda das fam\u00edlias, maior ser\u00e1 o subs\u00eddio para aquisi\u00e7\u00e3o do im\u00f3vel, que pode chegar ao valor de R$ 208 mil. Durante o evento realizado no audit\u00f3rio do Crea-MS, o governador ainda sugeriu que o projeto tenha um \u201ccrit\u00e9rio seletivo\u201d para as mulheres. \u201cTemos que estender a m\u00e3o para quem mais precisa, j\u00e1 que 45% das fam\u00edlias sul-mato-grossenses s\u00e3o chefiadas por mulheres. Passei este desafio a Agehab\u201d.<\/p>\n<p>&nbsp;<\/p>\n<p>&nbsp;<\/p>\n<p>*Assessoria<\/p>\n","protected":false},"excerpt":{"rendered":"<p>O Governo do Estado lan\u00e7ou na \u00faltima sexta-feira, 23, projeto \u201cB\u00f4nus Moradia\u201d, que faz parte do Programa Estadual \u201cMS Moradia\u201d, que ir\u00e1 auxiliar a popula\u00e7\u00e3o na aquisi\u00e7\u00e3o de casa pr\u00f3pria por meio de financiamento. Munic\u00edpios com popula\u00e7\u00e3o acima de 30 mil habitantes participar\u00e3o, e Chapad\u00e3o do Sul foi selecionado no programa. O &#8220;B\u00f4nus Moradia&#8221; vai [&hellip;]<\/p>\n","protected":false},"author":4,"featured_media":243542,"comment_status":"closed","ping_status":"closed","sticky":false,"template":"","format":"standard","meta":{"footnotes":""},"categories":[23,41],"tags":[],"class_list":["post-243541","post","type-post","status-publish","format-standard","has-post-thumbnail","hentry","category-chapadao-do-sul","category-destaque"],"_links":{"self":[{"href":"https:\/\/www.ocorreionews.com.br\/acervo-correio\/index.php?rest_route=\/wp\/v2\/posts\/243541","targetHints":{"allow":["GET"]}}],"collection":[{"href":"https:\/\/www.ocorreionews.com.br\/acervo-correio\/index.php?rest_route=\/wp\/v2\/posts"}],"about":[{"href":"https:\/\/www.ocorreionews.com.br\/acervo-correio\/index.php?rest_route=\/wp\/v2\/types\/post"}],"author":[{"embeddable":true,"href":"https:\/\/www.ocorreionews.com.br\/acervo-correio\/index.php?rest_route=\/wp\/v2\/users\/4"}],"replies":[{"embeddable":true,"href":"https:\/\/www.ocorreionews.com.br\/acervo-correio\/index.php?rest_route=%2Fwp%2Fv2%2Fcomments&post=243541"}],"version-history":[{"count":2,"href":"https:\/\/www.ocorreionews.com.br\/acervo-correio\/index.php?rest_route=\/wp\/v2\/posts\/243541\/revisions"}],"predecessor-version":[{"id":243629,"href":"https:\/\/www.ocorreionews.com.br\/acervo-correio\/index.php?rest_route=\/wp\/v2\/posts\/243541\/revisions\/243629"}],"wp:featuredmedia":[{"embeddable":true,"href":"https:\/\/www.ocorreionews.com.br\/acervo-correio\/index.php?rest_route=\/wp\/v2\/media\/243542"}],"wp:attachment":[{"href":"https:\/\/www.ocorreionews.com.br\/acervo-correio\/index.php?rest_route=%2Fwp%2Fv2%2Fmedia&parent=243541"}],"wp:term":[{"taxonomy":"category","embeddable":true,"href":"https:\/\/www.ocorreionews.com.br\/acervo-correio\/index.php?rest_route=%2Fwp%2Fv2%2Fcategories&post=243541"},{"taxonomy":"post_tag","embeddable":true,"href":"https:\/\/www.ocorreionews.com.br\/acervo-correio\/index.php?rest_route=%2Fwp%2Fv2%2Ftags&post=243541"}],"curies":[{"name":"wp","href":"https:\/\/api.w.org\/{rel}","templated":true}]}}