{"id":243699,"date":"2023-06-26T15:12:16","date_gmt":"2023-06-26T19:12:16","guid":{"rendered":"https:\/\/www.ocorreionews.com.br\/acervo-correio\/?p=243699"},"modified":"2023-06-26T16:52:03","modified_gmt":"2023-06-26T20:52:03","slug":"o-sindicato-rural-atraves-do-senar-ms-junto-ao-sebrae-estara-realizando-o-rota-rural-em-chapadao-do-sul","status":"publish","type":"post","link":"https:\/\/www.ocorreionews.com.br\/acervo-correio\/?p=243699","title":{"rendered":"Sindicato Rural em parceira com SENAR\/MS e SEBRAE estar\u00e1 realizando o ROTA RURAL em Chapad\u00e3o do Sul"},"content":{"rendered":"<p>Uma a\u00e7\u00e3o itinerante do programa Juntos pelo AGRO, uma parceria do SEBRAE e SENAR, que tem como objetivo orientar os produtores sobre formas de aumentar sua renda, atrav\u00e9s do processamento do leite e hortali\u00e7as e aprender a comercializar esses novos produtos e os que ele j\u00e1 produz.<\/p>\n<p>A Rota Rural \u00e9 composta por 2 espa\u00e7os de capacita\u00e7\u00e3o (Queijaria e Hortifruti) com disponibilidade de 15 vagas cada uma. A programa\u00e7\u00e3o \u00e9 de 6h di\u00e1rias (09h \u00e0s 12h e das 13h \u00e0s 16h), com almo\u00e7o no local, durante 3 dias consecutivos, portanto o produtor que se inscrever deve estar ciente de que ser\u00e1 uma capacita\u00e7\u00e3o de 3 dias e s\u00f3 recebe o certificado quem participar de toda a capacita\u00e7\u00e3o.&#8221;<\/p>\n<p>Inscri\u00e7\u00f5es abertas para os Cursos do Programa Rota Rural do SEBRAE e SENAR:<\/p>\n<ul>\n<li>QUEIJARIA ou AGRO HORTI<\/li>\n<li>Dia 18, 19 e 20\/07\/2023 (ter\u00e7a, quarta e quinta-feira); 03 dias de cursos o dia todo;<br \/>\nHor\u00e1rio das 09h at\u00e9 16h;<\/li>\n<li>Local de Realiza\u00e7\u00e3o e Inscri\u00e7\u00e3o: R. Brasil Leste, n\u00ba 853 \u2013 Flambyant (Parque de Exposi\u00e7\u00e3o);<\/li>\n<li>In\u00edcio previsto do curso \u00e0s 09h (hor\u00e1rio MS). (Chegar antes).<\/li>\n<\/ul>\n<p>VAGAS LIMITADAS!!!<\/p>\n<p>D\u00favidas (67) 3562-1443 (Liga\u00e7\u00e3o e WhatsApp)<\/p>\n<p><img loading=\"lazy\" decoding=\"async\" class=\"alignnone size-full wp-image-243719\" src=\"https:\/\/www.ocorreionews.com.br\/acervo-correio\/wp-content\/uploads\/2023\/06\/01-5.jpg\" alt=\"\" width=\"900\" height=\"1600\" srcset=\"https:\/\/www.ocorreionews.com.br\/acervo-correio\/wp-content\/uploads\/2023\/06\/01-5.jpg 900w, https:\/\/www.ocorreionews.com.br\/acervo-correio\/wp-content\/uploads\/2023\/06\/01-5-169x300.jpg 169w, https:\/\/www.ocorreionews.com.br\/acervo-correio\/wp-content\/uploads\/2023\/06\/01-5-576x1024.jpg 576w, https:\/\/www.ocorreionews.com.br\/acervo-correio\/wp-content\/uploads\/2023\/06\/01-5-768x1365.jpg 768w, https:\/\/www.ocorreionews.com.br\/acervo-correio\/wp-content\/uploads\/2023\/06\/01-5-864x1536.jpg 864w\" sizes=\"auto, (max-width: 900px) 100vw, 900px\" \/> <img loading=\"lazy\" decoding=\"async\" class=\"alignnone size-full wp-image-243720\" src=\"https:\/\/www.ocorreionews.com.br\/acervo-correio\/wp-content\/uploads\/2023\/06\/02-1.jpg\" alt=\"\" width=\"900\" height=\"1600\" srcset=\"https:\/\/www.ocorreionews.com.br\/acervo-correio\/wp-content\/uploads\/2023\/06\/02-1.jpg 900w, https:\/\/www.ocorreionews.com.br\/acervo-correio\/wp-content\/uploads\/2023\/06\/02-1-169x300.jpg 169w, https:\/\/www.ocorreionews.com.br\/acervo-correio\/wp-content\/uploads\/2023\/06\/02-1-576x1024.jpg 576w, https:\/\/www.ocorreionews.com.br\/acervo-correio\/wp-content\/uploads\/2023\/06\/02-1-768x1365.jpg 768w, https:\/\/www.ocorreionews.com.br\/acervo-correio\/wp-content\/uploads\/2023\/06\/02-1-864x1536.jpg 864w\" sizes=\"auto, (max-width: 900px) 100vw, 900px\" \/><\/p>\n","protected":false},"excerpt":{"rendered":"<p>Uma a\u00e7\u00e3o itinerante do programa Juntos pelo AGRO, uma parceria do SEBRAE e SENAR, que tem como objetivo orientar os produtores sobre formas de aumentar sua renda, atrav\u00e9s do processamento do leite e hortali\u00e7as e aprender a comercializar esses novos produtos e os que ele j\u00e1 produz. A Rota Rural \u00e9 composta por 2 espa\u00e7os [&hellip;]<\/p>\n","protected":false},"author":4,"featured_media":243700,"comment_status":"closed","ping_status":"closed","sticky":false,"template":"","format":"standard","meta":{"footnotes":""},"categories":[17,23],"tags":[],"class_list":["post-243699","post","type-post","status-publish","format-standard","has-post-thumbnail","hentry","category-agropecuaria","category-chapadao-do-sul"],"_links":{"self":[{"href":"https:\/\/www.ocorreionews.com.br\/acervo-correio\/index.php?rest_route=\/wp\/v2\/posts\/243699","targetHints":{"allow":["GET"]}}],"collection":[{"href":"https:\/\/www.ocorreionews.com.br\/acervo-correio\/index.php?rest_route=\/wp\/v2\/posts"}],"about":[{"href":"https:\/\/www.ocorreionews.com.br\/acervo-correio\/index.php?rest_route=\/wp\/v2\/types\/post"}],"author":[{"embeddable":true,"href":"https:\/\/www.ocorreionews.com.br\/acervo-correio\/index.php?rest_route=\/wp\/v2\/users\/4"}],"replies":[{"embeddable":true,"href":"https:\/\/www.ocorreionews.com.br\/acervo-correio\/index.php?rest_route=%2Fwp%2Fv2%2Fcomments&post=243699"}],"version-history":[{"count":2,"href":"https:\/\/www.ocorreionews.com.br\/acervo-correio\/index.php?rest_route=\/wp\/v2\/posts\/243699\/revisions"}],"predecessor-version":[{"id":243721,"href":"https:\/\/www.ocorreionews.com.br\/acervo-correio\/index.php?rest_route=\/wp\/v2\/posts\/243699\/revisions\/243721"}],"wp:featuredmedia":[{"embeddable":true,"href":"https:\/\/www.ocorreionews.com.br\/acervo-correio\/index.php?rest_route=\/wp\/v2\/media\/243700"}],"wp:attachment":[{"href":"https:\/\/www.ocorreionews.com.br\/acervo-correio\/index.php?rest_route=%2Fwp%2Fv2%2Fmedia&parent=243699"}],"wp:term":[{"taxonomy":"category","embeddable":true,"href":"https:\/\/www.ocorreionews.com.br\/acervo-correio\/index.php?rest_route=%2Fwp%2Fv2%2Fcategories&post=243699"},{"taxonomy":"post_tag","embeddable":true,"href":"https:\/\/www.ocorreionews.com.br\/acervo-correio\/index.php?rest_route=%2Fwp%2Fv2%2Ftags&post=243699"}],"curies":[{"name":"wp","href":"https:\/\/api.w.org\/{rel}","templated":true}]}}