{"id":243752,"date":"2023-06-27T07:10:49","date_gmt":"2023-06-27T11:10:49","guid":{"rendered":"https:\/\/www.ocorreionews.com.br\/acervo-correio\/?p=243752"},"modified":"2023-06-27T07:10:49","modified_gmt":"2023-06-27T11:10:49","slug":"sedema-de-alcinopolis-capacita-funcionarios-sobre-tecnicas-de-resgate-de-animal","status":"publish","type":"post","link":"https:\/\/www.ocorreionews.com.br\/acervo-correio\/?p=243752","title":{"rendered":"SEDEMA de Alcin\u00f3polis capacita funcion\u00e1rios sobre t\u00e9cnicas de resgate de animal"},"content":{"rendered":"<p>A equipe da SEMDEMA (Secretaria de Desenvolvimento Econ\u00f4mico e Meio Ambiente) de Alcin\u00f3polis, Vigil\u00e2ncia Sanit\u00e1ria e alguns integrantes da Policia Militar, participaram na cidade de Camapu\u00e3 de uma palestra com a Pol\u00edcia Militar Ambiental de Coxim, ministrada pela Capit\u00e3 Thamara de Brito, Sargento Otoniel Alencar e Sargento Eleomar Arruda, sobre Resgate T\u00e9cnico de Animais e T\u00e9cnicas de Captura e Manejo de Animais Silvestres.<\/p>\n<p>No per\u00edodo da tarde os alunos do 8\u00b0e 9\u00ba ano da Escola Municipal Alcino Carneiro, Ensino M\u00e9dio da Escola Estadual Romilda Costa Carneiro e alunos e da Escola Municipal Miguel Ant\u00f4nio de Morais, assistiram a uma palestra da Capit\u00e3 Thamara de Brito, com o tema voltado ao combate a ca\u00e7a, maus tratos aos animais e tr\u00e1fico de animais silvestres.<\/p>\n<p>O Secretario da SEDEMA Agradeceu a parceria da 3\u00aa Companhia de Pol\u00edcia Militar Ambiental de Coxim, das diretoras M\u00e1rcia Aranda, Amanda Vincensoti e Cristina Junges que disponibilizaram os alunos para estarem participando dessa a\u00e7\u00e3o de Educa\u00e7\u00e3o Ambiental.<\/p>\n<p><img loading=\"lazy\" decoding=\"async\" class=\"alignnone size-full wp-image-243754\" src=\"https:\/\/www.ocorreionews.com.br\/acervo-correio\/wp-content\/uploads\/2023\/06\/palestra-sedema-e-PMA3.jpg\" alt=\"\" width=\"1600\" height=\"1200\" srcset=\"https:\/\/www.ocorreionews.com.br\/acervo-correio\/wp-content\/uploads\/2023\/06\/palestra-sedema-e-PMA3.jpg 1600w, https:\/\/www.ocorreionews.com.br\/acervo-correio\/wp-content\/uploads\/2023\/06\/palestra-sedema-e-PMA3-300x225.jpg 300w, https:\/\/www.ocorreionews.com.br\/acervo-correio\/wp-content\/uploads\/2023\/06\/palestra-sedema-e-PMA3-1024x768.jpg 1024w, https:\/\/www.ocorreionews.com.br\/acervo-correio\/wp-content\/uploads\/2023\/06\/palestra-sedema-e-PMA3-768x576.jpg 768w, https:\/\/www.ocorreionews.com.br\/acervo-correio\/wp-content\/uploads\/2023\/06\/palestra-sedema-e-PMA3-1536x1152.jpg 1536w, https:\/\/www.ocorreionews.com.br\/acervo-correio\/wp-content\/uploads\/2023\/06\/palestra-sedema-e-PMA3-86x64.jpg 86w\" sizes=\"auto, (max-width: 1600px) 100vw, 1600px\" \/> <img loading=\"lazy\" decoding=\"async\" class=\"alignnone size-full wp-image-243755\" src=\"https:\/\/www.ocorreionews.com.br\/acervo-correio\/wp-content\/uploads\/2023\/06\/palestra-sedema-e-PMA4.jpg\" alt=\"\" width=\"1600\" height=\"1200\" srcset=\"https:\/\/www.ocorreionews.com.br\/acervo-correio\/wp-content\/uploads\/2023\/06\/palestra-sedema-e-PMA4.jpg 1600w, https:\/\/www.ocorreionews.com.br\/acervo-correio\/wp-content\/uploads\/2023\/06\/palestra-sedema-e-PMA4-300x225.jpg 300w, https:\/\/www.ocorreionews.com.br\/acervo-correio\/wp-content\/uploads\/2023\/06\/palestra-sedema-e-PMA4-1024x768.jpg 1024w, https:\/\/www.ocorreionews.com.br\/acervo-correio\/wp-content\/uploads\/2023\/06\/palestra-sedema-e-PMA4-768x576.jpg 768w, https:\/\/www.ocorreionews.com.br\/acervo-correio\/wp-content\/uploads\/2023\/06\/palestra-sedema-e-PMA4-1536x1152.jpg 1536w, https:\/\/www.ocorreionews.com.br\/acervo-correio\/wp-content\/uploads\/2023\/06\/palestra-sedema-e-PMA4-86x64.jpg 86w\" sizes=\"auto, (max-width: 1600px) 100vw, 1600px\" \/> <img loading=\"lazy\" decoding=\"async\" class=\"alignnone size-full wp-image-243756\" src=\"https:\/\/www.ocorreionews.com.br\/acervo-correio\/wp-content\/uploads\/2023\/06\/palestra-sedema-e-PMA5.jpg\" alt=\"\" width=\"1600\" height=\"1200\" srcset=\"https:\/\/www.ocorreionews.com.br\/acervo-correio\/wp-content\/uploads\/2023\/06\/palestra-sedema-e-PMA5.jpg 1600w, https:\/\/www.ocorreionews.com.br\/acervo-correio\/wp-content\/uploads\/2023\/06\/palestra-sedema-e-PMA5-300x225.jpg 300w, https:\/\/www.ocorreionews.com.br\/acervo-correio\/wp-content\/uploads\/2023\/06\/palestra-sedema-e-PMA5-1024x768.jpg 1024w, https:\/\/www.ocorreionews.com.br\/acervo-correio\/wp-content\/uploads\/2023\/06\/palestra-sedema-e-PMA5-768x576.jpg 768w, https:\/\/www.ocorreionews.com.br\/acervo-correio\/wp-content\/uploads\/2023\/06\/palestra-sedema-e-PMA5-1536x1152.jpg 1536w, https:\/\/www.ocorreionews.com.br\/acervo-correio\/wp-content\/uploads\/2023\/06\/palestra-sedema-e-PMA5-86x64.jpg 86w\" sizes=\"auto, (max-width: 1600px) 100vw, 1600px\" \/><\/p>\n<p>Assecom &#8211; fotos SEDEMA<\/p>\n","protected":false},"excerpt":{"rendered":"<p>A equipe da SEMDEMA (Secretaria de Desenvolvimento Econ\u00f4mico e Meio Ambiente) de Alcin\u00f3polis, Vigil\u00e2ncia Sanit\u00e1ria e alguns integrantes da Policia Militar, participaram na cidade de Camapu\u00e3 de uma palestra com a Pol\u00edcia Militar Ambiental de Coxim, ministrada pela Capit\u00e3 Thamara de Brito, Sargento Otoniel Alencar e Sargento Eleomar Arruda, sobre Resgate T\u00e9cnico de Animais e [&hellip;]<\/p>\n","protected":false},"author":4,"featured_media":243753,"comment_status":"closed","ping_status":"closed","sticky":false,"template":"","format":"standard","meta":{"footnotes":""},"categories":[18],"tags":[],"class_list":["post-243752","post","type-post","status-publish","format-standard","has-post-thumbnail","hentry","category-alcinopolis"],"_links":{"self":[{"href":"https:\/\/www.ocorreionews.com.br\/acervo-correio\/index.php?rest_route=\/wp\/v2\/posts\/243752","targetHints":{"allow":["GET"]}}],"collection":[{"href":"https:\/\/www.ocorreionews.com.br\/acervo-correio\/index.php?rest_route=\/wp\/v2\/posts"}],"about":[{"href":"https:\/\/www.ocorreionews.com.br\/acervo-correio\/index.php?rest_route=\/wp\/v2\/types\/post"}],"author":[{"embeddable":true,"href":"https:\/\/www.ocorreionews.com.br\/acervo-correio\/index.php?rest_route=\/wp\/v2\/users\/4"}],"replies":[{"embeddable":true,"href":"https:\/\/www.ocorreionews.com.br\/acervo-correio\/index.php?rest_route=%2Fwp%2Fv2%2Fcomments&post=243752"}],"version-history":[{"count":1,"href":"https:\/\/www.ocorreionews.com.br\/acervo-correio\/index.php?rest_route=\/wp\/v2\/posts\/243752\/revisions"}],"predecessor-version":[{"id":243757,"href":"https:\/\/www.ocorreionews.com.br\/acervo-correio\/index.php?rest_route=\/wp\/v2\/posts\/243752\/revisions\/243757"}],"wp:featuredmedia":[{"embeddable":true,"href":"https:\/\/www.ocorreionews.com.br\/acervo-correio\/index.php?rest_route=\/wp\/v2\/media\/243753"}],"wp:attachment":[{"href":"https:\/\/www.ocorreionews.com.br\/acervo-correio\/index.php?rest_route=%2Fwp%2Fv2%2Fmedia&parent=243752"}],"wp:term":[{"taxonomy":"category","embeddable":true,"href":"https:\/\/www.ocorreionews.com.br\/acervo-correio\/index.php?rest_route=%2Fwp%2Fv2%2Fcategories&post=243752"},{"taxonomy":"post_tag","embeddable":true,"href":"https:\/\/www.ocorreionews.com.br\/acervo-correio\/index.php?rest_route=%2Fwp%2Fv2%2Ftags&post=243752"}],"curies":[{"name":"wp","href":"https:\/\/api.w.org\/{rel}","templated":true}]}}