{"id":243767,"date":"2023-06-27T07:52:12","date_gmt":"2023-06-27T11:52:12","guid":{"rendered":"https:\/\/www.ocorreionews.com.br\/acervo-correio\/?p=243767"},"modified":"2023-06-27T09:09:52","modified_gmt":"2023-06-27T13:09:52","slug":"encontro-regional-da-terceira-idade-reune-mais-de-13-mil-idosos","status":"publish","type":"post","link":"https:\/\/www.ocorreionews.com.br\/acervo-correio\/?p=243767","title":{"rendered":"Encontro Regional da Terceira Idade re\u00fane mais de 1,3 mil idosos em Costa Rica"},"content":{"rendered":"<div class=\"ntc_area_texto_noticia sw_leitura_audio\">\n<div class=\"ntc_descricao_noticia\">\n<div class=\"ntc_cont_descricao_noticia sw_txteditor\">\n<p>A Prefeitura de Costa Rica, por interm\u00e9dio da Secretaria de Assist\u00eancia Social, promoveu no \u00faltimo domingo (25) um Encontro Regional no Conviver (Centro de Conviv\u00eancia do Idoso), que reuniu mais de 1,3 mil idosos de diversos munic\u00edpios da regi\u00e3o. O evento contou com a presen\u00e7a de caravanas vindas de Cassil\u00e2ndia, Chapad\u00e3o do Sul, Para\u00edso das \u00c1guas, Alcin\u00f3polis, Figueir\u00e3o\/MS; Alto Taquari e Alto Araguaia\/MT; Chapad\u00e3o do C\u00e9u, Mineiros, Itaj\u00e1 e Apor\u00e9\/GO, al\u00e9m dos pr\u00f3prios moradores de Costa Rica.<\/p>\n<p>O prefeito de Costa Rica, delegado Cleverson Alves dos Santos, ressaltou a import\u00e2ncia do evento para a cidade, afirmando que \u00e9 fundamental proporcionar momentos de lazer e conviv\u00eancia para os idosos. Ele destacou o compromisso da gest\u00e3o municipal em promover pol\u00edticas p\u00fablicas voltadas para a terceira idade, visando sempre o bem-estar e a qualidade de vida desses cidad\u00e3os.<\/p>\n<p>O objetivo principal do encontro foi promover a integra\u00e7\u00e3o e o fortalecimento dos la\u00e7os entre os idosos da regi\u00e3o, proporcionando momentos de divers\u00e3o e descontra\u00e7\u00e3o. A iniciativa busca valorizar essa parcela da popula\u00e7\u00e3o, incentivando a participa\u00e7\u00e3o ativa na sociedade e o envelhecimento saud\u00e1vel.<br \/>\n<img loading=\"lazy\" decoding=\"async\" class=\"alignnone size-full wp-image-243768\" src=\"https:\/\/www.ocorreionews.com.br\/acervo-correio\/wp-content\/uploads\/2023\/06\/0b8a073d05946be8138cfc7b3d65a49f.jpg\" alt=\"\" width=\"800\" height=\"800\" srcset=\"https:\/\/www.ocorreionews.com.br\/acervo-correio\/wp-content\/uploads\/2023\/06\/0b8a073d05946be8138cfc7b3d65a49f.jpg 800w, https:\/\/www.ocorreionews.com.br\/acervo-correio\/wp-content\/uploads\/2023\/06\/0b8a073d05946be8138cfc7b3d65a49f-300x300.jpg 300w, https:\/\/www.ocorreionews.com.br\/acervo-correio\/wp-content\/uploads\/2023\/06\/0b8a073d05946be8138cfc7b3d65a49f-150x150.jpg 150w, https:\/\/www.ocorreionews.com.br\/acervo-correio\/wp-content\/uploads\/2023\/06\/0b8a073d05946be8138cfc7b3d65a49f-768x768.jpg 768w\" sizes=\"auto, (max-width: 800px) 100vw, 800px\" \/> <img loading=\"lazy\" decoding=\"async\" class=\"alignnone size-full wp-image-243770\" src=\"https:\/\/www.ocorreionews.com.br\/acervo-correio\/wp-content\/uploads\/2023\/06\/encontro-3-idade.png\" alt=\"\" width=\"792\" height=\"388\" srcset=\"https:\/\/www.ocorreionews.com.br\/acervo-correio\/wp-content\/uploads\/2023\/06\/encontro-3-idade.png 792w, https:\/\/www.ocorreionews.com.br\/acervo-correio\/wp-content\/uploads\/2023\/06\/encontro-3-idade-300x147.png 300w, https:\/\/www.ocorreionews.com.br\/acervo-correio\/wp-content\/uploads\/2023\/06\/encontro-3-idade-768x376.png 768w\" sizes=\"auto, (max-width: 792px) 100vw, 792px\" \/><br \/>\nO vice-prefeito, Roni Cota, tamb\u00e9m elogiou a iniciativa, destacando que eventos como esse fortalecem os la\u00e7os entre os idosos e contribuem para a promo\u00e7\u00e3o da sa\u00fade f\u00edsica e mental dessa parcela da popula\u00e7\u00e3o. Ele reafirmou o compromisso da administra\u00e7\u00e3o municipal em investir em a\u00e7\u00f5es que valorizem e cuidem dos idosos de Costa Rica.<\/p>\n<p>Durante todo o dia, os participantes puderam desfrutar de diversas atividades e atra\u00e7\u00f5es. Logo pela manh\u00e3, foi servido um caf\u00e9 da manh\u00e3, seguido de um almo\u00e7o completo com um suculento churrasco e um saboroso sorvete \u00e0 tarde. A anima\u00e7\u00e3o ficou por conta de Zizo Nogueira e Banda, que trouxeram muita alegria e m\u00fasica para o evento. Al\u00e9m disso, a dupla sertaneja Augusto C\u00e9sar &amp; Christiano tamb\u00e9m se apresentou, animando os presentes com sucessos do g\u00eanero.<\/p>\n<p>Uma equipe da Secretaria de Sa\u00fade ficou de plant\u00e3o durante todo o evento, aferindo press\u00e3o arterial e orientando os idosos.<\/p>\n<p>A secret\u00e1ria de Assist\u00eancia Social, Evair Gomes Nogueira, falou sobre a import\u00e2ncia de promover momentos de encontro e integra\u00e7\u00e3o para os idosos da regi\u00e3o. Ela ressaltou o papel da Secretaria em coordenar a\u00e7\u00f5es que visem o bem-estar e a inclus\u00e3o social da terceira idade, destacando que eventos como esse fortalecem a autoestima e promovem a socializa\u00e7\u00e3o entre os participantes.<\/p>\n<p>O evento contou com um bail\u00e3o que durou das 7h \u00e0s 17h, proporcionando momentos de dan\u00e7a e descontra\u00e7\u00e3o para os idosos presentes. A atmosfera de alegria e confraterniza\u00e7\u00e3o foi evidente durante todo o dia, fortalecendo os v\u00ednculos entre os participantes e proporcionando momentos de lazer e entretenimento.<\/p>\n<p>A coordenadora do Conviver, S\u00f4nia Ferraz, enalteceu o sucesso do Encontro Regional e ressaltou a import\u00e2ncia do centro de conviv\u00eancia para a comunidade idosa de Costa Rica. Ela afirmou que o Conviver \u00e9 um espa\u00e7o onde os idosos encontram acolhimento, atividades de lazer e conviv\u00eancia, al\u00e9m de receberem apoio e orienta\u00e7\u00e3o em diversas \u00e1reas.<\/p>\n<p>O Encontro Regional no Conviver foi de extrema import\u00e2ncia para os idosos da regi\u00e3o, pois al\u00e9m de promover momentos de divers\u00e3o e integra\u00e7\u00e3o, tamb\u00e9m possibilitou a troca de experi\u00eancias e o compartilhamento de hist\u00f3rias de vida. A valoriza\u00e7\u00e3o dos idosos \u00e9 fundamental para a constru\u00e7\u00e3o de uma sociedade mais justa e inclusiva, na qual todas as faixas et\u00e1rias s\u00e3o valorizadas e respeitadas.<\/p>\n<\/div>\n<\/div>\n<\/div>\n<p>&nbsp;<\/p>\n<p>&nbsp;<\/p>\n<div class=\"ntc_area_texto_noticia sw_leitura_audio\">\n<div class=\"ntc_descricao_noticia\">\n<div class=\"ntc_area_info_noticia sw_lato\">\n<div>\n<div class=\"ntc_info_noticia\"><strong class=\"sw_lato_black\">Fonte: <\/strong>Assessoria de Comunica\u00e7\u00e3o &#8211; PMCR, Silvestre de Castro &#8211; Jornalista e Radialista<\/div>\n<\/div>\n<\/div>\n<\/div>\n<\/div>\n","protected":false},"excerpt":{"rendered":"<p>A Prefeitura de Costa Rica, por interm\u00e9dio da Secretaria de Assist\u00eancia Social, promoveu no \u00faltimo domingo (25) um Encontro Regional no Conviver (Centro de Conviv\u00eancia do Idoso), que reuniu mais de 1,3 mil idosos de diversos munic\u00edpios da regi\u00e3o. O evento contou com a presen\u00e7a de caravanas vindas de Cassil\u00e2ndia, Chapad\u00e3o do Sul, Para\u00edso das [&hellip;]<\/p>\n","protected":false},"author":4,"featured_media":243770,"comment_status":"closed","ping_status":"closed","sticky":false,"template":"","format":"standard","meta":{"footnotes":""},"categories":[25],"tags":[],"class_list":["post-243767","post","type-post","status-publish","format-standard","has-post-thumbnail","hentry","category-costa-rica"],"_links":{"self":[{"href":"https:\/\/www.ocorreionews.com.br\/acervo-correio\/index.php?rest_route=\/wp\/v2\/posts\/243767","targetHints":{"allow":["GET"]}}],"collection":[{"href":"https:\/\/www.ocorreionews.com.br\/acervo-correio\/index.php?rest_route=\/wp\/v2\/posts"}],"about":[{"href":"https:\/\/www.ocorreionews.com.br\/acervo-correio\/index.php?rest_route=\/wp\/v2\/types\/post"}],"author":[{"embeddable":true,"href":"https:\/\/www.ocorreionews.com.br\/acervo-correio\/index.php?rest_route=\/wp\/v2\/users\/4"}],"replies":[{"embeddable":true,"href":"https:\/\/www.ocorreionews.com.br\/acervo-correio\/index.php?rest_route=%2Fwp%2Fv2%2Fcomments&post=243767"}],"version-history":[{"count":1,"href":"https:\/\/www.ocorreionews.com.br\/acervo-correio\/index.php?rest_route=\/wp\/v2\/posts\/243767\/revisions"}],"predecessor-version":[{"id":243794,"href":"https:\/\/www.ocorreionews.com.br\/acervo-correio\/index.php?rest_route=\/wp\/v2\/posts\/243767\/revisions\/243794"}],"wp:featuredmedia":[{"embeddable":true,"href":"https:\/\/www.ocorreionews.com.br\/acervo-correio\/index.php?rest_route=\/wp\/v2\/media\/243770"}],"wp:attachment":[{"href":"https:\/\/www.ocorreionews.com.br\/acervo-correio\/index.php?rest_route=%2Fwp%2Fv2%2Fmedia&parent=243767"}],"wp:term":[{"taxonomy":"category","embeddable":true,"href":"https:\/\/www.ocorreionews.com.br\/acervo-correio\/index.php?rest_route=%2Fwp%2Fv2%2Fcategories&post=243767"},{"taxonomy":"post_tag","embeddable":true,"href":"https:\/\/www.ocorreionews.com.br\/acervo-correio\/index.php?rest_route=%2Fwp%2Fv2%2Ftags&post=243767"}],"curies":[{"name":"wp","href":"https:\/\/api.w.org\/{rel}","templated":true}]}}