{"id":243779,"date":"2023-06-27T08:30:16","date_gmt":"2023-06-27T12:30:16","guid":{"rendered":"https:\/\/www.ocorreionews.com.br\/acervo-correio\/?p=243779"},"modified":"2023-06-27T08:31:13","modified_gmt":"2023-06-27T12:31:13","slug":"nao-temos-sequer-uma-rede-ou-bola-para-praticar-esporte-na-escola-afirmam-alunos","status":"publish","type":"post","link":"https:\/\/www.ocorreionews.com.br\/acervo-correio\/?p=243779","title":{"rendered":"N\u00e3o temos sequer uma rede ou bola para praticar esporte na escola afirmam alunos"},"content":{"rendered":"<blockquote><p><strong>Precisamos limpar a imagem da nossa escola que n\u00e3o \u00e9 bem vista pelo povo, e ganhar mais visibilidade<\/strong><\/p><\/blockquote>\n<p>Na manh\u00e3 desta segunda-feira 26, ocorreu no plen\u00e1rio da C\u00e2mara municipal de Chapad\u00e3o do Sul, a sess\u00e3o ordin\u00e1ria dos vereadores, com a participa\u00e7\u00e3o dos Estudantes do Projeto Semear e da Escola Estadual Jorge Amado dentro da programa\u00e7\u00e3o da \u00a0II Edi\u00e7\u00e3o do projeto C\u00e2mara vai \u00e0 Escola, criado pelo Poder Legislativo, leva aos estudantes das redes p\u00fablica e privada de ensino no\u00e7\u00f5es de cidadania e de conhecimento do funcionamento dos Poderes Legislativo, Executivo e judici\u00e1rio nos planos Municipal, Estadual e Federal. O estudante representar\u00e1\u00a0sua\u00a0escola nas etapas futuras da a\u00e7\u00e3o que prev\u00ea uma viagem a Bras\u00edlia para conhecer as instala\u00e7\u00f5es do Senado e C\u00e2mara Federal.<\/p>\n<p>Chamou a aten\u00e7\u00e3o de nossa reportagem o pronunciamento da aluna Brenda Pedrosa Silva, ao falar das condi\u00e7\u00f5es da sua escola Jorge Amado.<\/p>\n<p>Veja abaixo na integra o relato da aluna.<\/p>\n<p><span style=\"font-size: 12pt; font-family: tahoma, arial, helvetica, sans-serif;\"><em>&#8220;Venho nessa manh\u00e3 falar sobre a import\u00e2ncia da melhoria das escolas p\u00fablicas em nossa cidade. Como estudante do matutino de uma rede escolar estadual e cidad\u00e3 de um munic\u00edpio tenho consci\u00eancia da minha responsabilidade, mas tamb\u00e9m n\u00e3o posso omitir diante da realidade que se apresenta na nossa escola.<\/em><\/span><\/p>\n<p><span style=\"font-size: 12pt; font-family: tahoma, arial, helvetica, sans-serif;\"><em>N\u00e3o s\u00f3 a escola a qual sou aluna, mas tamb\u00e9m todas as escolas em geral s\u00e3o respons\u00e1veis por educar crian\u00e7as e jovens formando-os em cidad\u00e3os para um futuro melhor.<\/em><\/span><\/p>\n<p><span style=\"font-size: 12pt; font-family: tahoma, arial, helvetica, sans-serif;\"><em>Por\u00e9m muitas das escolas da nossa cidade est\u00e3o em condi\u00e7\u00f5es prec\u00e1rias sem uma estrutura f\u00edsica adequada e falta de materiais e visibilidade<\/em><\/span><\/p>\n<p><span style=\"font-size: 12pt; font-family: tahoma, arial, helvetica, sans-serif;\"><em>Precisamos limpar a imagem da nossa escola que n\u00e3o \u00e9 bem vista pelo povo, e ganhar mais visibilidade j\u00e1 que \u00e9 uma das \u00fanicas redes do nosso munic\u00edpio que oferece a oportunidade de alunos do ensino m\u00e9dio trabalhar e estudar estudando por meio per\u00edodo.<\/em><\/span><\/p>\n<p><span style=\"font-size: 12pt; font-family: tahoma, arial, helvetica, sans-serif;\"><em>Precisamos que a nossa escola Jorge Amado seja tratada com a devida import\u00e2ncia com o reconhecimento melhor e uma visibilidade mais ampla.<\/em><\/span><\/p>\n<p><span style=\"font-size: 12pt; font-family: tahoma, arial, helvetica, sans-serif;\"><em>Com investimentos e aquisi\u00e7\u00f5es de materiais, e que todos n\u00f3s busquemos parcerias com a iniciativa privada para melhoria das nossas escolas, quanto \u00e0s municipais e quanto \u00e0s estaduais.<\/em><\/span><\/p>\n<p><span style=\"font-size: 12pt; font-family: tahoma, arial, helvetica, sans-serif;\"><em>Somos uma das \u00fanicas escolas do Chapad\u00e3o do Sul que traz t\u00edtulos esportivos para nossa cidade e tamb\u00e9m uma das \u00fanicas que mais tem presen\u00e7a de atletas, por\u00e9m n\u00e3o temos os mat\u00e9rias b\u00e1sicos e necess\u00e1rios como rede de futsal e voleibol e bolas para cada esporte para realiza\u00e7\u00f5es dos treinos.<\/em><\/span><\/p>\n<p><span style=\"font-size: 12pt; font-family: tahoma, arial, helvetica, sans-serif;\"><em>Precisamos de projetos para alunos do ensino m\u00e9dio aos quais est\u00e3o entrando agora para ter mais conhecimento e decidir sobre vestibulares e faculdades.<\/em><\/span><\/p>\n<p><span style=\"font-size: 12pt; font-family: tahoma, arial, helvetica, sans-serif;\"><em>Nos ajudando em um espa\u00e7o novo para uma biblioteca, e os materiais necess\u00e1rios para termos acesso \u00e0 sala de inform\u00e1tica.<\/em><\/span><\/p>\n<p><span style=\"font-size: 12pt; font-family: tahoma, arial, helvetica, sans-serif;\"><em>Reconhe\u00e7o que somos uma escola estadual e pertencemos ao estado.<\/em><\/span><\/p>\n<p><span style=\"font-size: 12pt; font-family: tahoma, arial, helvetica, sans-serif;\"><em>E nenhum de voc\u00eas tem obriga\u00e7\u00e3o de nos ajudar.<\/em><\/span><\/p>\n<p><span style=\"font-size: 12pt; font-family: tahoma, arial, helvetica, sans-serif;\"><em>Mas somos todos moradores do mesmo munic\u00edpio da mesma cidade.<\/em><\/span><\/p>\n<p><span style=\"font-size: 12pt; font-family: tahoma, arial, helvetica, sans-serif;\"><em>Portanto, solicito aos nobres vereadores que se empenhem em buscar solu\u00e7\u00f5es e que destinem recursos para uma educa\u00e7\u00e3o p\u00fablica de qualidade, dando a oportunidade a todos de ter uma forma\u00e7\u00e3o que possibilite um futuro melhor para todos.<\/em><\/span><\/p>\n<p><span style=\"font-size: 12pt; font-family: tahoma, arial, helvetica, sans-serif;\"><em>Obrigado pelo espa\u00e7o e conto com o comprometimento de todos para transformarmos a educa\u00e7\u00e3o p\u00fablica em nossa cidade.&#8221;<\/em><\/span><\/p>\n","protected":false},"excerpt":{"rendered":"<p>Precisamos limpar a imagem da nossa escola que n\u00e3o \u00e9 bem vista pelo povo, e ganhar mais visibilidade Na manh\u00e3 desta segunda-feira 26, ocorreu no plen\u00e1rio da C\u00e2mara municipal de Chapad\u00e3o do Sul, a sess\u00e3o ordin\u00e1ria dos vereadores, com a participa\u00e7\u00e3o dos Estudantes do Projeto Semear e da Escola Estadual Jorge Amado dentro da programa\u00e7\u00e3o [&hellip;]<\/p>\n","protected":false},"author":4,"featured_media":243786,"comment_status":"closed","ping_status":"closed","sticky":false,"template":"","format":"standard","meta":{"footnotes":""},"categories":[20,41],"tags":[],"class_list":["post-243779","post","type-post","status-publish","format-standard","has-post-thumbnail","hentry","category-camara-municipal","category-destaque"],"_links":{"self":[{"href":"https:\/\/www.ocorreionews.com.br\/acervo-correio\/index.php?rest_route=\/wp\/v2\/posts\/243779","targetHints":{"allow":["GET"]}}],"collection":[{"href":"https:\/\/www.ocorreionews.com.br\/acervo-correio\/index.php?rest_route=\/wp\/v2\/posts"}],"about":[{"href":"https:\/\/www.ocorreionews.com.br\/acervo-correio\/index.php?rest_route=\/wp\/v2\/types\/post"}],"author":[{"embeddable":true,"href":"https:\/\/www.ocorreionews.com.br\/acervo-correio\/index.php?rest_route=\/wp\/v2\/users\/4"}],"replies":[{"embeddable":true,"href":"https:\/\/www.ocorreionews.com.br\/acervo-correio\/index.php?rest_route=%2Fwp%2Fv2%2Fcomments&post=243779"}],"version-history":[{"count":1,"href":"https:\/\/www.ocorreionews.com.br\/acervo-correio\/index.php?rest_route=\/wp\/v2\/posts\/243779\/revisions"}],"predecessor-version":[{"id":243789,"href":"https:\/\/www.ocorreionews.com.br\/acervo-correio\/index.php?rest_route=\/wp\/v2\/posts\/243779\/revisions\/243789"}],"wp:featuredmedia":[{"embeddable":true,"href":"https:\/\/www.ocorreionews.com.br\/acervo-correio\/index.php?rest_route=\/wp\/v2\/media\/243786"}],"wp:attachment":[{"href":"https:\/\/www.ocorreionews.com.br\/acervo-correio\/index.php?rest_route=%2Fwp%2Fv2%2Fmedia&parent=243779"}],"wp:term":[{"taxonomy":"category","embeddable":true,"href":"https:\/\/www.ocorreionews.com.br\/acervo-correio\/index.php?rest_route=%2Fwp%2Fv2%2Fcategories&post=243779"},{"taxonomy":"post_tag","embeddable":true,"href":"https:\/\/www.ocorreionews.com.br\/acervo-correio\/index.php?rest_route=%2Fwp%2Fv2%2Ftags&post=243779"}],"curies":[{"name":"wp","href":"https:\/\/api.w.org\/{rel}","templated":true}]}}